{"id":785,"date":"2021-04-17T06:48:05","date_gmt":"2021-04-17T06:48:05","guid":{"rendered":"https:\/\/laterreaboire.com\/?p=785"},"modified":"2022-01-10T08:51:59","modified_gmt":"2022-01-10T08:51:59","slug":"gabriel-lepousez","status":"publish","type":"post","link":"https:\/\/laterreaboire.com\/Podcast-vin\/gabriel-lepousez\/regions-viticoles\/","title":{"rendered":"#75 &#8211; Gabriel L\u00e9pousez 2\u00e8me Partie"},"content":{"rendered":"\n<p>Cobayes entre les mains de Gabriel L\u00e9pousez, nous poursuivons la d\u00e9couverte de nos sens et de leur hi\u00e9rarchie. <\/p>\n\n\n\n<div class=\"wp-block-image\"><figure class=\"aligncenter size-large\"><img loading=\"lazy\" width=\"277\" height=\"182\" src=\"https:\/\/laterreaboire.com\/wp-content\/uploads\/2021\/04\/image.jpeg\" alt=\"Photo de Gabriel L\u00e9pousez. Nous poursuivons la d\u00e9couverte de nos sens et de leur hi\u00e9rarchie. \" class=\"wp-image-786\"\/><\/figure><\/div>\n\n\n\n<p>\u00c0 l\u2019aveugle en verre noir, exercice de d\u00e9gustation pluri-sensorielle. Au passage, il est question <strong>d\u2019\u00e9quilibre des vins<\/strong>, de toucher de bouche, de cin\u00e9ma en 18K, de ce qu\u2019est un <strong>grand vin<\/strong>, du go\u00fbt de la biodynamie, de poivre qui vibre dans la bouche, de <strong>vin <\/strong>technique, de notre go\u00fbt pour le changement, de vins monotones\u2026<\/p>\n\n\n\n<iframe frameborder=\"0\" loading=\"lazy\" id=\"ausha-q924\" height=\"220\" style=\"border: none; width:100%; height:220px\" src=\"https:\/\/player.ausha.co\/index.html?podcastId=brwGli03aava&amp;playlist=false&amp;color=%2389111f&amp;v=3&amp;playerId=ausha-q924\"><\/iframe><script src=\"https:\/\/player.ausha.co\/ausha-player.js\"><\/script>\n\n\n\n<p><br>Vous \u00eates <strong>caviste<\/strong> et souhaitez distribuer <strong>la cuv\u00e9e de La Terre \u00e0 Boire<\/strong> ? \u00c9crivez-nous \u00e0 info@laterreaboire.com !<br><\/p>\n\n\n\n<p>Hosts: Romain @radiophill, Patrice Defay @patricedefay1, Laurent Delsaux @therapywine et Florence Saragoni.G\u00e9n\u00e9rique : <a href=\"https:\/\/www.youtube.com\/watch?v=RX7TA3ezjHc\">Easy Living<\/a> (Billie Holiday, Teddy Wilson)\u00a0\/ <strong>Podcast vin <\/strong><\/p>\n\n\n\n<p>Suivez-nous sur Instagram, <a href=\"https:\/\/www.facebook.com\/laterreaboire\/\">Facebook<\/a>, <a href=\"https:\/\/twitter.com\/LaTerreABoire\">Twitter<\/a>.<\/p>\n\n\n\n<p>Si vous avez aim\u00e9 l&#8217;\u00e9pisode, vous pouvez laisser une note, un commentaire sur <a href=\"https:\/\/podcasts.apple.com\/fr\/podcast\/la-terre-%C3%A0-boire\/id1294007853\">Apple Podcast<\/a>.<\/p>\n\n\n\n<p>Retrouvez tous nos \u00e9pisodes sur le site de La Terre \u00e0 Boire : <a href=\"https:\/\/app.ausha.co\/app\/show\/2389\/episodes\/laterreaboire.com\">laterreaboire.com<\/a><\/p>\n\n\n\n<p>Envie de d\u00e9couvrir d&#8217;autres <strong>podcasts parlant de vin<\/strong> ? \ud83d\udc49\ud83c\udffb <a href=\"https:\/\/app.ausha.co\/app\/show\/2389\/episodes\/winecasters.com\">winecasters.com<\/a><\/p>\n","protected":false},"excerpt":{"rendered":"<p>Cobayes entre les mains de Gabriel L\u00e9pousez, nous poursuivons la d\u00e9couverte de nos sens et de leur hi\u00e9rarchie. \u00c0 l\u2019aveugle en verre noir, exercice de d\u00e9gustation pluri-sensorielle. Au passage, il est question d\u2019\u00e9quilibre des vins, de toucher de bouche, de cin\u00e9ma en 18K, de ce qu\u2019est un grand vin, du go\u00fbt de la biodynamie, de [&hellip;]<\/p>\n","protected":false},"author":1,"featured_media":0,"comment_status":"open","ping_status":"open","sticky":false,"template":"","format":"standard","meta":{"kt_blocks_editor_width":""},"categories":[1],"tags":[],"yoast_head":"<!-- This site is optimized with the Yoast SEO plugin v17.8 - https:\/\/yoast.com\/wordpress\/plugins\/seo\/ -->\n<title>Gabriel L\u00e9pousez | D\u00e9couvrez tous nos podcasts sur le vin<\/title>\n<meta name=\"description\" content=\"Gabriel L\u00e9pousez | La terre \u00e0 boire, le podcast pour les passionn\u00e9s et les amateurs. Avec des chroniqueurs vari\u00e9s, le vin s&#039;\u00e9coute aussi !\" \/>\n<meta name=\"robots\" content=\"index, follow, max-snippet:-1, max-image-preview:large, max-video-preview:-1\" \/>\n<link rel=\"canonical\" href=\"https:\/\/laterreaboire.com\/Podcast-vin\/gabriel-lepousez\/regions-viticoles\/\" \/>\n<meta property=\"og:locale\" content=\"fr_FR\" \/>\n<meta property=\"og:type\" content=\"article\" \/>\n<meta property=\"og:title\" content=\"Gabriel L\u00e9pousez | D\u00e9couvrez tous nos podcasts sur le vin\" \/>\n<meta property=\"og:description\" content=\"Gabriel L\u00e9pousez | La terre \u00e0 boire, le podcast pour les passionn\u00e9s et les amateurs. Avec des chroniqueurs vari\u00e9s, le vin s&#039;\u00e9coute aussi !\" \/>\n<meta property=\"og:url\" content=\"https:\/\/laterreaboire.com\/Podcast-vin\/gabriel-lepousez\/regions-viticoles\/\" \/>\n<meta property=\"og:site_name\" content=\"La Terre \u00e0 Boire\" \/>\n<meta property=\"article:publisher\" content=\"http:\/\/www.laterreaboire.com\/\" \/>\n<meta property=\"article:published_time\" content=\"2021-04-17T06:48:05+00:00\" \/>\n<meta property=\"article:modified_time\" content=\"2022-01-10T08:51:59+00:00\" \/>\n<meta property=\"og:image\" content=\"https:\/\/laterreaboire.com\/wp-content\/uploads\/2021\/04\/image.jpeg\" \/>\n<meta name=\"twitter:card\" content=\"summary_large_image\" \/>\n<meta name=\"twitter:creator\" content=\"@LaTerreABoire\" \/>\n<meta name=\"twitter:site\" content=\"@LaTerreABoire\" \/>\n<meta name=\"twitter:label1\" content=\"\u00c9crit par\" \/>\n\t<meta name=\"twitter:data1\" content=\"La Terre \u00e0 Boire\" \/>\n\t<meta name=\"twitter:label2\" content=\"Dur\u00e9e de lecture estim\u00e9e\" \/>\n\t<meta name=\"twitter:data2\" content=\"1 minute\" \/>\n<script type=\"application\/ld+json\" class=\"yoast-schema-graph\">{\"@context\":\"https:\/\/schema.org\",\"@graph\":[{\"@type\":\"Organization\",\"@id\":\"https:\/\/laterreaboire.com\/Podcast-vin\/#organization\",\"name\":\"La Terre \\u00e0 Boire\",\"url\":\"https:\/\/laterreaboire.com\/Podcast-vin\/\",\"sameAs\":[\"http:\/\/www.laterreaboire.com\/\",\"https:\/\/www.instagram.com\/laterreaboire\/?hl=fr\",\"https:\/\/www.linkedin.com\/company\/la-terre-\\u00e0-boire\/\",\"https:\/\/www.youtube.com\/channel\/UCnhq_lUEgizGHy5Mq4YEArw\/videos\",\"https:\/\/twitter.com\/LaTerreABoire\"],\"logo\":{\"@type\":\"ImageObject\",\"@id\":\"https:\/\/laterreaboire.com\/Podcast-vin\/#logo\",\"inLanguage\":\"fr-FR\",\"url\":\"https:\/\/laterreaboire.com\/wp-content\/uploads\/2019\/02\/cropped-18-3.png\",\"contentUrl\":\"https:\/\/laterreaboire.com\/wp-content\/uploads\/2019\/02\/cropped-18-3.png\",\"width\":2048,\"height\":2048,\"caption\":\"La Terre \\u00e0 Boire\"},\"image\":{\"@id\":\"https:\/\/laterreaboire.com\/Podcast-vin\/#logo\"}},{\"@type\":\"WebSite\",\"@id\":\"https:\/\/laterreaboire.com\/Podcast-vin\/#website\",\"url\":\"https:\/\/laterreaboire.com\/Podcast-vin\/\",\"name\":\"La Terre \\u00e0 Boire\",\"description\":\"Podcast Oenophile\",\"publisher\":{\"@id\":\"https:\/\/laterreaboire.com\/Podcast-vin\/#organization\"},\"potentialAction\":[{\"@type\":\"SearchAction\",\"target\":{\"@type\":\"EntryPoint\",\"urlTemplate\":\"https:\/\/laterreaboire.com\/Podcast-vin\/?s={search_term_string}\"},\"query-input\":\"required name=search_term_string\"}],\"inLanguage\":\"fr-FR\"},{\"@type\":\"ImageObject\",\"@id\":\"https:\/\/laterreaboire.com\/Podcast-vin\/gabriel-lepousez\/regions-viticoles\/#primaryimage\",\"inLanguage\":\"fr-FR\",\"url\":\"https:\/\/laterreaboire.com\/wp-content\/uploads\/2021\/04\/image.jpeg\",\"contentUrl\":\"https:\/\/laterreaboire.com\/wp-content\/uploads\/2021\/04\/image.jpeg\",\"width\":277,\"height\":182},{\"@type\":\"WebPage\",\"@id\":\"https:\/\/laterreaboire.com\/Podcast-vin\/gabriel-lepousez\/regions-viticoles\/#webpage\",\"url\":\"https:\/\/laterreaboire.com\/Podcast-vin\/gabriel-lepousez\/regions-viticoles\/\",\"name\":\"Gabriel L\\u00e9pousez | D\\u00e9couvrez tous nos podcasts sur le vin\",\"isPartOf\":{\"@id\":\"https:\/\/laterreaboire.com\/Podcast-vin\/#website\"},\"primaryImageOfPage\":{\"@id\":\"https:\/\/laterreaboire.com\/Podcast-vin\/gabriel-lepousez\/regions-viticoles\/#primaryimage\"},\"datePublished\":\"2021-04-17T06:48:05+00:00\",\"dateModified\":\"2022-01-10T08:51:59+00:00\",\"description\":\"Gabriel L\\u00e9pousez | La terre \\u00e0 boire, le podcast pour les passionn\\u00e9s et les amateurs. Avec des chroniqueurs vari\\u00e9s, le vin s'\\u00e9coute aussi !\",\"breadcrumb\":{\"@id\":\"https:\/\/laterreaboire.com\/Podcast-vin\/gabriel-lepousez\/regions-viticoles\/#breadcrumb\"},\"inLanguage\":\"fr-FR\",\"potentialAction\":[{\"@type\":\"ReadAction\",\"target\":[\"https:\/\/laterreaboire.com\/Podcast-vin\/gabriel-lepousez\/regions-viticoles\/\"]}]},{\"@type\":\"BreadcrumbList\",\"@id\":\"https:\/\/laterreaboire.com\/Podcast-vin\/gabriel-lepousez\/regions-viticoles\/#breadcrumb\",\"itemListElement\":[{\"@type\":\"ListItem\",\"position\":1,\"name\":\"Accueil\",\"item\":\"https:\/\/laterreaboire.com\/Podcast-vin\/\"},{\"@type\":\"ListItem\",\"position\":2,\"name\":\"#75 &#8211; Gabriel L\\u00e9pousez 2\\u00e8me Partie\"}]},{\"@type\":\"Article\",\"@id\":\"https:\/\/laterreaboire.com\/Podcast-vin\/gabriel-lepousez\/regions-viticoles\/#article\",\"isPartOf\":{\"@id\":\"https:\/\/laterreaboire.com\/Podcast-vin\/gabriel-lepousez\/regions-viticoles\/#webpage\"},\"author\":{\"@id\":\"https:\/\/laterreaboire.com\/Podcast-vin\/#\/schema\/person\/b1cc4d3e42eb913aba1b6801941d1bb0\"},\"headline\":\"#75 &#8211; Gabriel L\\u00e9pousez 2\\u00e8me Partie\",\"datePublished\":\"2021-04-17T06:48:05+00:00\",\"dateModified\":\"2022-01-10T08:51:59+00:00\",\"mainEntityOfPage\":{\"@id\":\"https:\/\/laterreaboire.com\/Podcast-vin\/gabriel-lepousez\/regions-viticoles\/#webpage\"},\"wordCount\":173,\"commentCount\":1,\"publisher\":{\"@id\":\"https:\/\/laterreaboire.com\/Podcast-vin\/#organization\"},\"image\":{\"@id\":\"https:\/\/laterreaboire.com\/Podcast-vin\/gabriel-lepousez\/regions-viticoles\/#primaryimage\"},\"thumbnailUrl\":\"https:\/\/laterreaboire.com\/wp-content\/uploads\/2021\/04\/image.jpeg\",\"articleSection\":[\"R\\u00e9gions\"],\"inLanguage\":\"fr-FR\",\"potentialAction\":[{\"@type\":\"CommentAction\",\"name\":\"Comment\",\"target\":[\"https:\/\/laterreaboire.com\/Podcast-vin\/gabriel-lepousez\/regions-viticoles\/#respond\"]}]},{\"@type\":\"Person\",\"@id\":\"https:\/\/laterreaboire.com\/Podcast-vin\/#\/schema\/person\/b1cc4d3e42eb913aba1b6801941d1bb0\",\"name\":\"La Terre \\u00e0 Boire\",\"image\":{\"@type\":\"ImageObject\",\"@id\":\"https:\/\/laterreaboire.com\/Podcast-vin\/#personlogo\",\"inLanguage\":\"fr-FR\",\"url\":\"https:\/\/secure.gravatar.com\/avatar\/2055ef91382274a88edb39471a05c4d9?s=96&d=mm&r=g\",\"contentUrl\":\"https:\/\/secure.gravatar.com\/avatar\/2055ef91382274a88edb39471a05c4d9?s=96&d=mm&r=g\",\"caption\":\"La Terre \\u00e0 Boire\"},\"url\":\"https:\/\/laterreaboire.com\/Podcast-vin\/author\/fbn_4qc\/\"}]}<\/script>\n<!-- \/ Yoast SEO plugin. -->","yoast_head_json":{"title":"Gabriel L\u00e9pousez | D\u00e9couvrez tous nos podcasts sur le vin","description":"Gabriel L\u00e9pousez | La terre \u00e0 boire, le podcast pour les passionn\u00e9s et les amateurs. Avec des chroniqueurs vari\u00e9s, le vin s'\u00e9coute aussi !","robots":{"index":"index","follow":"follow","max-snippet":"max-snippet:-1","max-image-preview":"max-image-preview:large","max-video-preview":"max-video-preview:-1"},"canonical":"https:\/\/laterreaboire.com\/Podcast-vin\/gabriel-lepousez\/regions-viticoles\/","og_locale":"fr_FR","og_type":"article","og_title":"Gabriel L\u00e9pousez | D\u00e9couvrez tous nos podcasts sur le vin","og_description":"Gabriel L\u00e9pousez | La terre \u00e0 boire, le podcast pour les passionn\u00e9s et les amateurs. Avec des chroniqueurs vari\u00e9s, le vin s'\u00e9coute aussi !","og_url":"https:\/\/laterreaboire.com\/Podcast-vin\/gabriel-lepousez\/regions-viticoles\/","og_site_name":"La Terre \u00e0 Boire","article_publisher":"http:\/\/www.laterreaboire.com\/","article_published_time":"2021-04-17T06:48:05+00:00","article_modified_time":"2022-01-10T08:51:59+00:00","og_image":[{"url":"https:\/\/laterreaboire.com\/wp-content\/uploads\/2021\/04\/image.jpeg"}],"twitter_card":"summary_large_image","twitter_creator":"@LaTerreABoire","twitter_site":"@LaTerreABoire","twitter_misc":{"\u00c9crit par":"La Terre \u00e0 Boire","Dur\u00e9e de lecture estim\u00e9e":"1 minute"},"schema":{"@context":"https:\/\/schema.org","@graph":[{"@type":"Organization","@id":"https:\/\/laterreaboire.com\/Podcast-vin\/#organization","name":"La Terre \u00e0 Boire","url":"https:\/\/laterreaboire.com\/Podcast-vin\/","sameAs":["http:\/\/www.laterreaboire.com\/","https:\/\/www.instagram.com\/laterreaboire\/?hl=fr","https:\/\/www.linkedin.com\/company\/la-terre-\u00e0-boire\/","https:\/\/www.youtube.com\/channel\/UCnhq_lUEgizGHy5Mq4YEArw\/videos","https:\/\/twitter.com\/LaTerreABoire"],"logo":{"@type":"ImageObject","@id":"https:\/\/laterreaboire.com\/Podcast-vin\/#logo","inLanguage":"fr-FR","url":"https:\/\/laterreaboire.com\/wp-content\/uploads\/2019\/02\/cropped-18-3.png","contentUrl":"https:\/\/laterreaboire.com\/wp-content\/uploads\/2019\/02\/cropped-18-3.png","width":2048,"height":2048,"caption":"La Terre \u00e0 Boire"},"image":{"@id":"https:\/\/laterreaboire.com\/Podcast-vin\/#logo"}},{"@type":"WebSite","@id":"https:\/\/laterreaboire.com\/Podcast-vin\/#website","url":"https:\/\/laterreaboire.com\/Podcast-vin\/","name":"La Terre \u00e0 Boire","description":"Podcast Oenophile","publisher":{"@id":"https:\/\/laterreaboire.com\/Podcast-vin\/#organization"},"potentialAction":[{"@type":"SearchAction","target":{"@type":"EntryPoint","urlTemplate":"https:\/\/laterreaboire.com\/Podcast-vin\/?s={search_term_string}"},"query-input":"required name=search_term_string"}],"inLanguage":"fr-FR"},{"@type":"ImageObject","@id":"https:\/\/laterreaboire.com\/Podcast-vin\/gabriel-lepousez\/regions-viticoles\/#primaryimage","inLanguage":"fr-FR","url":"https:\/\/laterreaboire.com\/wp-content\/uploads\/2021\/04\/image.jpeg","contentUrl":"https:\/\/laterreaboire.com\/wp-content\/uploads\/2021\/04\/image.jpeg","width":277,"height":182},{"@type":"WebPage","@id":"https:\/\/laterreaboire.com\/Podcast-vin\/gabriel-lepousez\/regions-viticoles\/#webpage","url":"https:\/\/laterreaboire.com\/Podcast-vin\/gabriel-lepousez\/regions-viticoles\/","name":"Gabriel L\u00e9pousez | D\u00e9couvrez tous nos podcasts sur le vin","isPartOf":{"@id":"https:\/\/laterreaboire.com\/Podcast-vin\/#website"},"primaryImageOfPage":{"@id":"https:\/\/laterreaboire.com\/Podcast-vin\/gabriel-lepousez\/regions-viticoles\/#primaryimage"},"datePublished":"2021-04-17T06:48:05+00:00","dateModified":"2022-01-10T08:51:59+00:00","description":"Gabriel L\u00e9pousez | La terre \u00e0 boire, le podcast pour les passionn\u00e9s et les amateurs. Avec des chroniqueurs vari\u00e9s, le vin s'\u00e9coute aussi !","breadcrumb":{"@id":"https:\/\/laterreaboire.com\/Podcast-vin\/gabriel-lepousez\/regions-viticoles\/#breadcrumb"},"inLanguage":"fr-FR","potentialAction":[{"@type":"ReadAction","target":["https:\/\/laterreaboire.com\/Podcast-vin\/gabriel-lepousez\/regions-viticoles\/"]}]},{"@type":"BreadcrumbList","@id":"https:\/\/laterreaboire.com\/Podcast-vin\/gabriel-lepousez\/regions-viticoles\/#breadcrumb","itemListElement":[{"@type":"ListItem","position":1,"name":"Accueil","item":"https:\/\/laterreaboire.com\/Podcast-vin\/"},{"@type":"ListItem","position":2,"name":"#75 &#8211; Gabriel L\u00e9pousez 2\u00e8me Partie"}]},{"@type":"Article","@id":"https:\/\/laterreaboire.com\/Podcast-vin\/gabriel-lepousez\/regions-viticoles\/#article","isPartOf":{"@id":"https:\/\/laterreaboire.com\/Podcast-vin\/gabriel-lepousez\/regions-viticoles\/#webpage"},"author":{"@id":"https:\/\/laterreaboire.com\/Podcast-vin\/#\/schema\/person\/b1cc4d3e42eb913aba1b6801941d1bb0"},"headline":"#75 &#8211; Gabriel L\u00e9pousez 2\u00e8me Partie","datePublished":"2021-04-17T06:48:05+00:00","dateModified":"2022-01-10T08:51:59+00:00","mainEntityOfPage":{"@id":"https:\/\/laterreaboire.com\/Podcast-vin\/gabriel-lepousez\/regions-viticoles\/#webpage"},"wordCount":173,"commentCount":1,"publisher":{"@id":"https:\/\/laterreaboire.com\/Podcast-vin\/#organization"},"image":{"@id":"https:\/\/laterreaboire.com\/Podcast-vin\/gabriel-lepousez\/regions-viticoles\/#primaryimage"},"thumbnailUrl":"https:\/\/laterreaboire.com\/wp-content\/uploads\/2021\/04\/image.jpeg","articleSection":["R\u00e9gions"],"inLanguage":"fr-FR","potentialAction":[{"@type":"CommentAction","name":"Comment","target":["https:\/\/laterreaboire.com\/Podcast-vin\/gabriel-lepousez\/regions-viticoles\/#respond"]}]},{"@type":"Person","@id":"https:\/\/laterreaboire.com\/Podcast-vin\/#\/schema\/person\/b1cc4d3e42eb913aba1b6801941d1bb0","name":"La Terre \u00e0 Boire","image":{"@type":"ImageObject","@id":"https:\/\/laterreaboire.com\/Podcast-vin\/#personlogo","inLanguage":"fr-FR","url":"https:\/\/secure.gravatar.com\/avatar\/2055ef91382274a88edb39471a05c4d9?s=96&d=mm&r=g","contentUrl":"https:\/\/secure.gravatar.com\/avatar\/2055ef91382274a88edb39471a05c4d9?s=96&d=mm&r=g","caption":"La Terre \u00e0 Boire"},"url":"https:\/\/laterreaboire.com\/Podcast-vin\/author\/fbn_4qc\/"}]}},"_links":{"self":[{"href":"https:\/\/laterreaboire.com\/Podcast-vin\/wp-json\/wp\/v2\/posts\/785"}],"collection":[{"href":"https:\/\/laterreaboire.com\/Podcast-vin\/wp-json\/wp\/v2\/posts"}],"about":[{"href":"https:\/\/laterreaboire.com\/Podcast-vin\/wp-json\/wp\/v2\/types\/post"}],"author":[{"embeddable":true,"href":"https:\/\/laterreaboire.com\/Podcast-vin\/wp-json\/wp\/v2\/users\/1"}],"replies":[{"embeddable":true,"href":"https:\/\/laterreaboire.com\/Podcast-vin\/wp-json\/wp\/v2\/comments?post=785"}],"version-history":[{"count":9,"href":"https:\/\/laterreaboire.com\/Podcast-vin\/wp-json\/wp\/v2\/posts\/785\/revisions"}],"predecessor-version":[{"id":1067,"href":"https:\/\/laterreaboire.com\/Podcast-vin\/wp-json\/wp\/v2\/posts\/785\/revisions\/1067"}],"wp:attachment":[{"href":"https:\/\/laterreaboire.com\/Podcast-vin\/wp-json\/wp\/v2\/media?parent=785"}],"wp:term":[{"taxonomy":"category","embeddable":true,"href":"https:\/\/laterreaboire.com\/Podcast-vin\/wp-json\/wp\/v2\/categories?post=785"},{"taxonomy":"post_tag","embeddable":true,"href":"https:\/\/laterreaboire.com\/Podcast-vin\/wp-json\/wp\/v2\/tags?post=785"}],"curies":[{"name":"wp","href":"https:\/\/api.w.org\/{rel}","templated":true}]}}