{"id":486,"date":"2019-06-19T13:00:14","date_gmt":"2019-06-19T13:00:14","guid":{"rendered":"http:\/\/laterreaboire.com\/?p=486"},"modified":"2019-06-21T01:39:59","modified_gmt":"2019-06-21T01:39:59","slug":"la-winelist-de-la-terre","status":"publish","type":"post","link":"https:\/\/laterreaboire.com\/Podcast-vin\/la-winelist-de-la-terre\/regions-viticoles\/","title":{"rendered":"La WineList de La Terre"},"content":{"rendered":"\t\t<div data-elementor-type=\"wp-post\" data-elementor-id=\"486\" class=\"elementor elementor-486\" data-elementor-settings=\"[]\">\n\t\t\t\t\t\t<div class=\"elementor-inner\">\n\t\t\t\t\t\t\t<div class=\"elementor-section-wrap\">\n\t\t\t\t\t\t\t<section class=\"elementor-section elementor-top-section elementor-element elementor-element-352ba152 elementor-section-boxed elementor-section-height-default elementor-section-height-default\" data-id=\"352ba152\" data-element_type=\"section\">\n\t\t\t\t\t\t<div class=\"elementor-container elementor-column-gap-default\">\n\t\t\t\t\t\t\t<div class=\"elementor-row\">\n\t\t\t\t\t<div class=\"elementor-column elementor-col-100 elementor-top-column elementor-element elementor-element-1b4fe510\" data-id=\"1b4fe510\" data-element_type=\"column\">\n\t\t\t<div class=\"elementor-column-wrap elementor-element-populated\">\n\t\t\t\t\t\t\t<div class=\"elementor-widget-wrap\">\n\t\t\t\t\t\t<div class=\"elementor-element elementor-element-673612fd elementor-widget elementor-widget-text-editor\" data-id=\"673612fd\" data-element_type=\"widget\" data-widget_type=\"text-editor.default\">\n\t\t\t\t<div class=\"elementor-widget-container\">\n\t\t\t\t\t\t\t\t<div class=\"elementor-text-editor elementor-clearfix\">\n\t\t\t\t<p><!-- wp:paragraph --><\/p>\n<p>On s&#8217;est dit que \u00e7a valait le coup de lister qq part l&#8217;ensemble des vins d\u00e9gust\u00e9s dans l&#8217;\u00e9mission. C&#8217;est par ici que \u00e7a se passe.<\/p>\n<p><!-- \/wp:paragraph --><\/p>\n<p><!-- wp:paragraph --><\/p>\n<p><strong>Rh\u00f4ne Sud\u00a0:<\/strong><\/p>\n<p><!-- \/wp:paragraph --><\/p>\n<p><!-- wp:paragraph --><\/p>\n<p>Chateauneuf-du-pape (Rouge), Domaine Charvin 2011<\/p>\n<p><!-- \/wp:paragraph --><\/p>\n<p><!-- wp:paragraph --><\/p>\n<p>Rasteau blanc 2015, Domaine Marcel Richaud<\/p>\n<p><!-- \/wp:paragraph --><\/p>\n<p><!-- wp:paragraph --><\/p>\n<p>Vinsobres, Le Corian\u00e7on de Fran\u00e7ois Vallot 2014<\/p>\n<p><!-- \/wp:paragraph --><\/p>\n<p><!-- wp:paragraph --><\/p>\n<p>Lirac, La Pierre de Josette 2014, Domaine des Maravilhas<\/p>\n<p><!-- \/wp:paragraph --><\/p>\n<p><!-- wp:paragraph --><\/p>\n<p><strong>Beaujolais\u00a0:<\/strong><\/p>\n<p><!-- \/wp:paragraph --><\/p>\n<p><!-- wp:paragraph --><\/p>\n<p>Beaujolais blanc Les terres Dor\u00e9es 2015, Domaine Jean-Paul<br \/>Brun<\/p>\n<p><!-- \/wp:paragraph --><\/p>\n<p><!-- wp:paragraph --><\/p>\n<p>C\u00f4tes de Brouilly 2015, Marcel Joubert P\u00e8re &amp; Fille<\/p>\n<p><!-- \/wp:paragraph --><\/p>\n<p><!-- wp:paragraph --><\/p>\n<p>Morgon C\u00f4te de Py 2013, Ch\u00e2teau des Jacques<\/p>\n<p><!-- \/wp:paragraph --><\/p>\n<p><!-- wp:paragraph --><\/p>\n<p><strong>Moulin-\u00e0-Vent,<br \/>H\u00e9ritage du Tremblay 2013, Domaine Paul Janin<\/strong><\/p>\n<p><!-- \/wp:paragraph --><\/p>\n<p><!-- wp:paragraph --><\/p>\n<p><strong>Champagne\u00a0:<\/strong><\/p>\n<p><!-- \/wp:paragraph --><\/p>\n<p><!-- wp:paragraph --><\/p>\n<p>Notes Blanches, Champagne Fleury<\/p>\n<p><!-- \/wp:paragraph --><\/p>\n<p><!-- wp:paragraph --><\/p>\n<p>Blanc de Noirs, Champagne Fleury<\/p>\n<p><!-- \/wp:paragraph --><\/p>\n<p><!-- wp:paragraph --><\/p>\n<p>Champagne Baudry 2012<\/p>\n<p><!-- \/wp:paragraph --><\/p>\n<p><!-- wp:paragraph --><\/p>\n<p>Esprit de Famille, Champagne Picard &amp; Boyer<\/p>\n<p><!-- \/wp:paragraph --><\/p>\n<p><!-- wp:paragraph --><\/p>\n<p>Champagne Ros\u00e9, Domaine Lucien Collard<\/p>\n<p><!-- \/wp:paragraph --><\/p>\n<p><!-- wp:paragraph --><\/p>\n<p><strong>Corse\u00a0:<\/strong><\/p>\n<p><!-- \/wp:paragraph --><\/p>\n<p><!-- wp:paragraph --><\/p>\n<p>Cuv\u00e9e Prestige Blanc, Domaine Clos d\u2019Alzeto<\/p>\n<p><!-- \/wp:paragraph --><\/p>\n<p><!-- wp:paragraph --><\/p>\n<p><strong>Carco Rouge 2013,<br \/>Domaine Antoine Arena<\/strong><\/p>\n<p><!-- \/wp:paragraph --><\/p>\n<p><!-- wp:paragraph --><\/p>\n<p><strong>Faustine blanc 2016,<br \/>Domaine Comte Abbatucci<\/strong><\/p>\n<p><!-- \/wp:paragraph --><\/p>\n<p><!-- wp:paragraph --><\/p>\n<p>Clos Venturi 2009, Rouge<\/p>\n<p><!-- \/wp:paragraph --><\/p>\n<p><!-- wp:paragraph --><\/p>\n<p><strong>Jura\u00a0:<\/strong><\/p>\n<p><!-- \/wp:paragraph --><\/p>\n<p><!-- wp:paragraph --><\/p>\n<p>Les Champs rouges (blanc), Domaine Labet<\/p>\n<p><!-- \/wp:paragraph --><\/p>\n<p><!-- wp:paragraph --><\/p>\n<p>Savagnin Ouill\u00e9, Domaine du Pelican<\/p>\n<p><!-- \/wp:paragraph --><\/p>\n<p><!-- wp:paragraph --><\/p>\n<p>Trousseau, Domaine des Granges Pacquenesses<\/p>\n<p><!-- \/wp:paragraph --><\/p>\n<p><!-- wp:paragraph --><\/p>\n<p><strong>Vin Jaune En Spois<br \/>2011<\/strong> &amp; Ch\u00e2teau Ch\u00e2lon 2011, \u00a0<strong>Domaine St\u00e9phane Tissot<\/strong><\/p>\n<p><!-- \/wp:paragraph --><\/p>\n<p><!-- wp:paragraph --><\/p>\n<p><strong>Loire rouge\u00a0:<\/strong><\/p>\n<p><!-- \/wp:paragraph --><\/p>\n<p><!-- wp:paragraph --><\/p>\n<p>Cuv\u00e9e Cent visages, Jean-Philippe M\u00e9rieau<\/p>\n<p><!-- \/wp:paragraph --><\/p>\n<p><!-- wp:paragraph --><\/p>\n<p>C\u00f4t, Domaine Gabri\u00e8le et R\u00e9gis Dansault<\/p>\n<p><!-- \/wp:paragraph --><\/p>\n<p><!-- wp:paragraph --><\/p>\n<p>Les vignes de mon p\u00e8re 2013, Pineau d\u2019Aunis, Patrice Collin<\/p>\n<p><!-- \/wp:paragraph --><\/p>\n<p><!-- wp:paragraph --><\/p>\n<p>Des Pieds et des mains, Domaine Cyril &amp; Fabien Boisard<\/p>\n<p><!-- \/wp:paragraph --><\/p>\n<p><!-- wp:paragraph --><\/p>\n<p>Sancerre Rouge, Domaine Vincent Gaudry<\/p>\n<p><!-- \/wp:paragraph --><\/p>\n<p><!-- wp:paragraph --><\/p>\n<p><strong>Alsace:<\/strong><\/p>\n<p><!-- \/wp:paragraph --><\/p>\n<p><!-- wp:paragraph --><\/p>\n<p>Le coq (Pinot gris), Domaine L\u00e9on Boesch<\/p>\n<p><!-- \/wp:paragraph --><\/p>\n<p><!-- wp:paragraph --><\/p>\n<p>Cuv\u00e9e B\u00e9atrice (Pinot noir), Domaine Christian Binner<\/p>\n<p><!-- \/wp:paragraph --><\/p>\n<p><!-- wp:paragraph --><\/p>\n<p><strong>Cuv\u00e9e Steinweg<br \/>(Gewurztraminer), domaine Vincent Fleith<\/strong><\/p>\n<p><!-- \/wp:paragraph --><\/p>\n<p><!-- wp:paragraph --><\/p>\n<p>Les comtes de Ribeauvill\u00e9 (Riesling), Caves de Ribeauvill\u00e9<\/p>\n<p><!-- \/wp:paragraph --><\/p>\n<p><!-- wp:paragraph --><\/p>\n<p>Riesling, Domaine Josmeyer<\/p>\n<p><!-- \/wp:paragraph --><\/p>\n<p><!-- wp:paragraph --><\/p>\n<p><strong>Vins du Monde (M\u00e9diterran\u00e9e)\u00a0:<\/strong><\/p>\n<p><!-- \/wp:paragraph --><\/p>\n<p><!-- wp:paragraph --><\/p>\n<p>Cuv\u00e9e Libero 2012, Domaine Fuori Mondo<\/p>\n<p><!-- \/wp:paragraph --><\/p>\n<p><!-- wp:paragraph --><\/p>\n<p>Domaine Planeta<\/p>\n<p><!-- \/wp:paragraph --><\/p>\n<p><!-- wp:paragraph --><\/p>\n<p><strong>Rioja Alavesa Phincas<br \/>2013, Bodegas Bhilar<\/strong><\/p>\n<p><!-- \/wp:paragraph --><\/p>\n<p><!-- wp:paragraph --><\/p>\n<p><strong>Loire Blanc\u00a0:<\/strong><\/p>\n<p><!-- \/wp:paragraph --><\/p>\n<p><!-- wp:paragraph --><\/p>\n<p><strong>Les Parcelles \u00a02016 (C\u00f4tes de Grandlieu Muscadet), Domaine<br \/>des Hautes No\u00eblles<\/strong><\/p>\n<p><!-- \/wp:paragraph --><\/p>\n<p><!-- wp:paragraph --><\/p>\n<p><strong>Sancerre Cuv\u00e9e<br \/>Harmonie 2013, Domaine Vincent Pinard<\/strong><\/p>\n<p><!-- \/wp:paragraph --><\/p>\n<p><!-- wp:paragraph --><\/p>\n<p>Clos Mosny (Montlouis-sur-Loire), Domaine de la Taille aux<br \/>loups<\/p>\n<p><!-- \/wp:paragraph --><\/p>\n<p><!-- wp:paragraph --><\/p>\n<p>Les Fougeraies (Saveni\u00e8res), Lo\u00efc Mah\u00e9<\/p>\n<p><!-- \/wp:paragraph --><\/p>\n<p><!-- wp:paragraph --><\/p>\n<p>Montlouis \/ Loire P\u00e9tillant, Domaine de l\u2019Ouche<\/p>\n<p><!-- \/wp:paragraph --><\/p>\n<p><!-- wp:paragraph --><\/p>\n<p>Vouvray sec, Domaine Vincent Car\u00eame<\/p>\n<p><!-- \/wp:paragraph --><\/p>\n<p><!-- wp:paragraph --><\/p>\n<p>Vouvray Le Mont (Moelleux), Domaine Huet<\/p>\n<p><!-- \/wp:paragraph --><\/p>\n<p><!-- wp:paragraph --><\/p>\n<p><strong>Provence\u00a0:<\/strong><\/p>\n<p><!-- \/wp:paragraph --><\/p>\n<p><!-- wp:paragraph --><\/p>\n<p>Cassis (Blanc), domaine de la Ferme Blanche<\/p>\n<p><!-- \/wp:paragraph --><\/p>\n<p><!-- wp:paragraph --><\/p>\n<p>Bellet (Blanc) Clos Saint-Vincent<\/p>\n<p><!-- \/wp:paragraph --><\/p>\n<p><!-- wp:paragraph --><\/p>\n<p>Ch\u00e2teau Rimauresq (Ros\u00e9)<\/p>\n<p><!-- \/wp:paragraph --><\/p>\n<p><!-- wp:paragraph --><\/p>\n<p>Bandol 2013, Domaine du Gros Nor\u00e9<\/p>\n<p><!-- \/wp:paragraph --><\/p>\n<p><!-- wp:paragraph --><\/p>\n<p><strong>Sine Nomine 2005 (Baux de Provence), Domaine des Lauzi\u00e8res<\/strong><\/p>\n<p><!-- \/wp:paragraph --><\/p>\n<p><!-- wp:paragraph --><\/p>\n<p><strong>Sud-Ouest\u00a0:<\/strong><\/p>\n<p><!-- \/wp:paragraph --><\/p>\n<p><!-- wp:paragraph --><\/p>\n<p>Gaillac Blanc, Domaine Causses<br \/>Marines<\/p>\n<p><!-- \/wp:paragraph --><\/p>\n<p><!-- wp:paragraph --><\/p>\n<p><strong>Cahors, Domaine Cosse Maisonneuve<\/strong><\/p>\n<p><!-- \/wp:paragraph --><\/p>\n<p><!-- wp:paragraph --><\/p>\n<p>T\u2019as rien pig\u00e9, Domaine de L\u2019ambitio<br \/>(Romuald Cousy)<\/p>\n<p><!-- \/wp:paragraph --><\/p>\n<p><!-- wp:paragraph --><\/p>\n<p>Iroul\u00e9guy blanc, Domaine Arretxea<\/p>\n<p><!-- \/wp:paragraph --><\/p>\n<p><!-- wp:paragraph --><\/p>\n<p>Gaillac La Combe d\u2019Av\u00e8s, Domaine<br \/>Michel Issaly<\/p>\n<p><!-- \/wp:paragraph --><\/p>\n<p><!-- wp:paragraph --><\/p>\n<p>Saussignac 2005 (blanc Moelleux),<br \/>Ch\u00e2teau Richard<\/p>\n<p><!-- \/wp:paragraph --><\/p>\n<p><!-- wp:paragraph --><\/p>\n<p><strong>Savoie\u00a0:<\/strong><\/p>\n<p><!-- \/wp:paragraph --><\/p>\n<p><!-- wp:paragraph --><\/p>\n<p>Roussette, Domaine Giachino<\/p>\n<p><!-- \/wp:paragraph --><\/p>\n<p><!-- wp:paragraph --><\/p>\n<p><strong>Jaja 2011, Domaine Partag\u00e9 Gilles Berlioz<\/strong><\/p>\n<p><!-- \/wp:paragraph --><\/p>\n<p><!-- wp:paragraph --><\/p>\n<p>Les Fripons 2011, Domaine Partag\u00e9<br \/>Gilles Berlioz<\/p>\n<p><!-- \/wp:paragraph --><\/p>\n<p><!-- wp:paragraph --><\/p>\n<p>Cerdon du Bugey 2017, Domaine<br \/>Bernardat Fache<\/p>\n<p><!-- \/wp:paragraph --><\/p>\n<p><!-- wp:paragraph --><\/p>\n<p>Autrement 2016 (Rouge), Domaine<br \/>Florian et Marie Curtet<\/p>\n<p><!-- \/wp:paragraph --><\/p>\n<p><!-- wp:paragraph --><\/p>\n<p><strong>Bourgogne\u00a0:<\/strong><\/p>\n<p><!-- \/wp:paragraph --><\/p>\n<p><!-- wp:paragraph --><\/p>\n<p>Saint-Romain 2017 (Rouge),<br \/>Emmanuel Giboulot<\/p>\n<p><!-- \/wp:paragraph --><\/p>\n<p><!-- wp:paragraph --><\/p>\n<p>M\u00e2con Villages 2015 (Blanc),<br \/>Domaine Valette<\/p>\n<p><!-- \/wp:paragraph --><\/p>\n<p><!-- wp:paragraph --><\/p>\n<p><strong>Bourgogne 2014 (Blanc), Domaine Lucien Lemoine<\/strong><\/p>\n<p><!-- \/wp:paragraph --><\/p>\n<p><!-- wp:paragraph --><\/p>\n<p>Maranges 1<sup>er<\/sup> Cru<br \/>(Rouge) , Domaine des Rouges Queues<\/p>\n<p><!-- \/wp:paragraph --><\/p>\n<p><!-- wp:paragraph --><\/p>\n<p><strong>Rh\u00f4ne Nord\u00a0:<\/strong><\/p>\n<p><!-- \/wp:paragraph --><\/p>\n<p><!-- wp:paragraph --><\/p>\n<p>Crozes-Hermitage Blanc Les<br \/>Pontets, Domaine Laurent Fayolle<\/p>\n<p><!-- \/wp:paragraph --><\/p>\n<p><!-- wp:paragraph --><\/p>\n<p><strong>C\u00f4te-R\u00f4tie L\u2019Angeline 2013, Domaine Chambeyron<\/strong><\/p>\n<p><!-- \/wp:paragraph --><\/p>\n<p><!-- wp:paragraph --><\/p>\n<p>Br\u00e9z\u00e8me Rouge, Domaine du Lombard<\/p>\n<p><!-- \/wp:paragraph --><\/p>\n<p><!-- wp:paragraph --><\/p>\n<p>Cornas 2011, Domaine Colombo<\/p>\n<p><!-- \/wp:paragraph --><\/p>\t\t\t\t\t<\/div>\n\t\t\t\t\t\t<\/div>\n\t\t\t\t<\/div>\n\t\t\t\t\t\t<\/div>\n\t\t\t\t\t<\/div>\n\t\t<\/div>\n\t\t\t\t\t\t\t\t<\/div>\n\t\t\t\t\t<\/div>\n\t\t<\/section>\n\t\t\t\t\t\t<\/div>\n\t\t\t\t\t\t<\/div>\n\t\t\t\t\t<\/div>\n\t\t","protected":false},"excerpt":{"rendered":"<p>On s&#8217;est dit que \u00e7a valait le coup de lister qq part l&#8217;ensemble des vins d\u00e9gust\u00e9s dans l&#8217;\u00e9mission. C&#8217;est par ici que \u00e7a se passe. Rh\u00f4ne Sud\u00a0: Chateauneuf-du-pape (Rouge), Domaine Charvin 2011 Rasteau blanc 2015, Domaine Marcel Richaud Vinsobres, Le Corian\u00e7on de Fran\u00e7ois Vallot 2014 Lirac, La Pierre de Josette 2014, Domaine des Maravilhas Beaujolais\u00a0: [&hellip;]<\/p>\n","protected":false},"author":1,"featured_media":0,"comment_status":"open","ping_status":"open","sticky":false,"template":"","format":"standard","meta":{"kt_blocks_editor_width":""},"categories":[1],"tags":[],"yoast_head":"<!-- This site is optimized with the Yoast SEO plugin v17.8 - https:\/\/yoast.com\/wordpress\/plugins\/seo\/ -->\n<title>La Terre \u00e0 Boire | Nos podcasts sur le vin<\/title>\n<meta name=\"description\" content=\"La terre \u00e0 boire, le podcast pour les passionn\u00e9s et les amateurs. Avec des chroniqueurs vari\u00e9s, le vin s&#039;\u00e9coute aussi !\" \/>\n<meta name=\"robots\" content=\"index, follow, max-snippet:-1, max-image-preview:large, max-video-preview:-1\" \/>\n<link rel=\"canonical\" href=\"https:\/\/laterreaboire.com\/Podcast-vin\/la-winelist-de-la-terre\/regions-viticoles\/\" \/>\n<meta property=\"og:locale\" content=\"fr_FR\" \/>\n<meta property=\"og:type\" content=\"article\" \/>\n<meta property=\"og:title\" content=\"La Terre \u00e0 Boire | Nos podcasts sur le vin\" \/>\n<meta property=\"og:description\" content=\"La terre \u00e0 boire, le podcast pour les passionn\u00e9s et les amateurs. Avec des chroniqueurs vari\u00e9s, le vin s&#039;\u00e9coute aussi !\" \/>\n<meta property=\"og:url\" content=\"https:\/\/laterreaboire.com\/Podcast-vin\/la-winelist-de-la-terre\/regions-viticoles\/\" \/>\n<meta property=\"og:site_name\" content=\"La Terre \u00e0 Boire\" \/>\n<meta property=\"article:publisher\" content=\"http:\/\/www.laterreaboire.com\/\" \/>\n<meta property=\"article:published_time\" content=\"2019-06-19T13:00:14+00:00\" \/>\n<meta property=\"article:modified_time\" content=\"2019-06-21T01:39:59+00:00\" \/>\n<meta name=\"twitter:card\" content=\"summary_large_image\" \/>\n<meta name=\"twitter:creator\" content=\"@LaTerreABoire\" \/>\n<meta name=\"twitter:site\" content=\"@LaTerreABoire\" \/>\n<meta name=\"twitter:label1\" content=\"\u00c9crit par\" \/>\n\t<meta name=\"twitter:data1\" content=\"La Terre \u00e0 Boire\" \/>\n\t<meta name=\"twitter:label2\" content=\"Dur\u00e9e de lecture estim\u00e9e\" \/>\n\t<meta name=\"twitter:data2\" content=\"2 minutes\" \/>\n<script type=\"application\/ld+json\" class=\"yoast-schema-graph\">{\"@context\":\"https:\/\/schema.org\",\"@graph\":[{\"@type\":\"Organization\",\"@id\":\"https:\/\/laterreaboire.com\/Podcast-vin\/#organization\",\"name\":\"La Terre \\u00e0 Boire\",\"url\":\"https:\/\/laterreaboire.com\/Podcast-vin\/\",\"sameAs\":[\"http:\/\/www.laterreaboire.com\/\",\"https:\/\/www.instagram.com\/laterreaboire\/?hl=fr\",\"https:\/\/www.linkedin.com\/company\/la-terre-\\u00e0-boire\/\",\"https:\/\/www.youtube.com\/channel\/UCnhq_lUEgizGHy5Mq4YEArw\/videos\",\"https:\/\/twitter.com\/LaTerreABoire\"],\"logo\":{\"@type\":\"ImageObject\",\"@id\":\"https:\/\/laterreaboire.com\/Podcast-vin\/#logo\",\"inLanguage\":\"fr-FR\",\"url\":\"https:\/\/laterreaboire.com\/wp-content\/uploads\/2019\/02\/cropped-18-3.png\",\"contentUrl\":\"https:\/\/laterreaboire.com\/wp-content\/uploads\/2019\/02\/cropped-18-3.png\",\"width\":2048,\"height\":2048,\"caption\":\"La Terre \\u00e0 Boire\"},\"image\":{\"@id\":\"https:\/\/laterreaboire.com\/Podcast-vin\/#logo\"}},{\"@type\":\"WebSite\",\"@id\":\"https:\/\/laterreaboire.com\/Podcast-vin\/#website\",\"url\":\"https:\/\/laterreaboire.com\/Podcast-vin\/\",\"name\":\"La Terre \\u00e0 Boire\",\"description\":\"Podcast Oenophile\",\"publisher\":{\"@id\":\"https:\/\/laterreaboire.com\/Podcast-vin\/#organization\"},\"potentialAction\":[{\"@type\":\"SearchAction\",\"target\":{\"@type\":\"EntryPoint\",\"urlTemplate\":\"https:\/\/laterreaboire.com\/Podcast-vin\/?s={search_term_string}\"},\"query-input\":\"required name=search_term_string\"}],\"inLanguage\":\"fr-FR\"},{\"@type\":\"WebPage\",\"@id\":\"https:\/\/laterreaboire.com\/Podcast-vin\/la-winelist-de-la-terre\/regions-viticoles\/#webpage\",\"url\":\"https:\/\/laterreaboire.com\/Podcast-vin\/la-winelist-de-la-terre\/regions-viticoles\/\",\"name\":\"La Terre \\u00e0 Boire | Nos podcasts sur le vin\",\"isPartOf\":{\"@id\":\"https:\/\/laterreaboire.com\/Podcast-vin\/#website\"},\"datePublished\":\"2019-06-19T13:00:14+00:00\",\"dateModified\":\"2019-06-21T01:39:59+00:00\",\"description\":\"La terre \\u00e0 boire, le podcast pour les passionn\\u00e9s et les amateurs. Avec des chroniqueurs vari\\u00e9s, le vin s'\\u00e9coute aussi !\",\"breadcrumb\":{\"@id\":\"https:\/\/laterreaboire.com\/Podcast-vin\/la-winelist-de-la-terre\/regions-viticoles\/#breadcrumb\"},\"inLanguage\":\"fr-FR\",\"potentialAction\":[{\"@type\":\"ReadAction\",\"target\":[\"https:\/\/laterreaboire.com\/Podcast-vin\/la-winelist-de-la-terre\/regions-viticoles\/\"]}]},{\"@type\":\"BreadcrumbList\",\"@id\":\"https:\/\/laterreaboire.com\/Podcast-vin\/la-winelist-de-la-terre\/regions-viticoles\/#breadcrumb\",\"itemListElement\":[{\"@type\":\"ListItem\",\"position\":1,\"name\":\"Accueil\",\"item\":\"https:\/\/laterreaboire.com\/Podcast-vin\/\"},{\"@type\":\"ListItem\",\"position\":2,\"name\":\"La WineList de La Terre\"}]},{\"@type\":\"Article\",\"@id\":\"https:\/\/laterreaboire.com\/Podcast-vin\/la-winelist-de-la-terre\/regions-viticoles\/#article\",\"isPartOf\":{\"@id\":\"https:\/\/laterreaboire.com\/Podcast-vin\/la-winelist-de-la-terre\/regions-viticoles\/#webpage\"},\"author\":{\"@id\":\"https:\/\/laterreaboire.com\/Podcast-vin\/#\/schema\/person\/b1cc4d3e42eb913aba1b6801941d1bb0\"},\"headline\":\"La WineList de La Terre\",\"datePublished\":\"2019-06-19T13:00:14+00:00\",\"dateModified\":\"2019-06-21T01:39:59+00:00\",\"mainEntityOfPage\":{\"@id\":\"https:\/\/laterreaboire.com\/Podcast-vin\/la-winelist-de-la-terre\/regions-viticoles\/#webpage\"},\"wordCount\":471,\"commentCount\":0,\"publisher\":{\"@id\":\"https:\/\/laterreaboire.com\/Podcast-vin\/#organization\"},\"articleSection\":[\"R\\u00e9gions\"],\"inLanguage\":\"fr-FR\",\"potentialAction\":[{\"@type\":\"CommentAction\",\"name\":\"Comment\",\"target\":[\"https:\/\/laterreaboire.com\/Podcast-vin\/la-winelist-de-la-terre\/regions-viticoles\/#respond\"]}]},{\"@type\":\"Person\",\"@id\":\"https:\/\/laterreaboire.com\/Podcast-vin\/#\/schema\/person\/b1cc4d3e42eb913aba1b6801941d1bb0\",\"name\":\"La Terre \\u00e0 Boire\",\"image\":{\"@type\":\"ImageObject\",\"@id\":\"https:\/\/laterreaboire.com\/Podcast-vin\/#personlogo\",\"inLanguage\":\"fr-FR\",\"url\":\"https:\/\/secure.gravatar.com\/avatar\/2055ef91382274a88edb39471a05c4d9?s=96&d=mm&r=g\",\"contentUrl\":\"https:\/\/secure.gravatar.com\/avatar\/2055ef91382274a88edb39471a05c4d9?s=96&d=mm&r=g\",\"caption\":\"La Terre \\u00e0 Boire\"},\"url\":\"https:\/\/laterreaboire.com\/Podcast-vin\/author\/fbn_4qc\/\"}]}<\/script>\n<!-- \/ Yoast SEO plugin. -->","yoast_head_json":{"title":"La Terre \u00e0 Boire | Nos podcasts sur le vin","description":"La terre \u00e0 boire, le podcast pour les passionn\u00e9s et les amateurs. Avec des chroniqueurs vari\u00e9s, le vin s'\u00e9coute aussi !","robots":{"index":"index","follow":"follow","max-snippet":"max-snippet:-1","max-image-preview":"max-image-preview:large","max-video-preview":"max-video-preview:-1"},"canonical":"https:\/\/laterreaboire.com\/Podcast-vin\/la-winelist-de-la-terre\/regions-viticoles\/","og_locale":"fr_FR","og_type":"article","og_title":"La Terre \u00e0 Boire | Nos podcasts sur le vin","og_description":"La terre \u00e0 boire, le podcast pour les passionn\u00e9s et les amateurs. Avec des chroniqueurs vari\u00e9s, le vin s'\u00e9coute aussi !","og_url":"https:\/\/laterreaboire.com\/Podcast-vin\/la-winelist-de-la-terre\/regions-viticoles\/","og_site_name":"La Terre \u00e0 Boire","article_publisher":"http:\/\/www.laterreaboire.com\/","article_published_time":"2019-06-19T13:00:14+00:00","article_modified_time":"2019-06-21T01:39:59+00:00","twitter_card":"summary_large_image","twitter_creator":"@LaTerreABoire","twitter_site":"@LaTerreABoire","twitter_misc":{"\u00c9crit par":"La Terre \u00e0 Boire","Dur\u00e9e de lecture estim\u00e9e":"2 minutes"},"schema":{"@context":"https:\/\/schema.org","@graph":[{"@type":"Organization","@id":"https:\/\/laterreaboire.com\/Podcast-vin\/#organization","name":"La Terre \u00e0 Boire","url":"https:\/\/laterreaboire.com\/Podcast-vin\/","sameAs":["http:\/\/www.laterreaboire.com\/","https:\/\/www.instagram.com\/laterreaboire\/?hl=fr","https:\/\/www.linkedin.com\/company\/la-terre-\u00e0-boire\/","https:\/\/www.youtube.com\/channel\/UCnhq_lUEgizGHy5Mq4YEArw\/videos","https:\/\/twitter.com\/LaTerreABoire"],"logo":{"@type":"ImageObject","@id":"https:\/\/laterreaboire.com\/Podcast-vin\/#logo","inLanguage":"fr-FR","url":"https:\/\/laterreaboire.com\/wp-content\/uploads\/2019\/02\/cropped-18-3.png","contentUrl":"https:\/\/laterreaboire.com\/wp-content\/uploads\/2019\/02\/cropped-18-3.png","width":2048,"height":2048,"caption":"La Terre \u00e0 Boire"},"image":{"@id":"https:\/\/laterreaboire.com\/Podcast-vin\/#logo"}},{"@type":"WebSite","@id":"https:\/\/laterreaboire.com\/Podcast-vin\/#website","url":"https:\/\/laterreaboire.com\/Podcast-vin\/","name":"La Terre \u00e0 Boire","description":"Podcast Oenophile","publisher":{"@id":"https:\/\/laterreaboire.com\/Podcast-vin\/#organization"},"potentialAction":[{"@type":"SearchAction","target":{"@type":"EntryPoint","urlTemplate":"https:\/\/laterreaboire.com\/Podcast-vin\/?s={search_term_string}"},"query-input":"required name=search_term_string"}],"inLanguage":"fr-FR"},{"@type":"WebPage","@id":"https:\/\/laterreaboire.com\/Podcast-vin\/la-winelist-de-la-terre\/regions-viticoles\/#webpage","url":"https:\/\/laterreaboire.com\/Podcast-vin\/la-winelist-de-la-terre\/regions-viticoles\/","name":"La Terre \u00e0 Boire | Nos podcasts sur le vin","isPartOf":{"@id":"https:\/\/laterreaboire.com\/Podcast-vin\/#website"},"datePublished":"2019-06-19T13:00:14+00:00","dateModified":"2019-06-21T01:39:59+00:00","description":"La terre \u00e0 boire, le podcast pour les passionn\u00e9s et les amateurs. Avec des chroniqueurs vari\u00e9s, le vin s'\u00e9coute aussi !","breadcrumb":{"@id":"https:\/\/laterreaboire.com\/Podcast-vin\/la-winelist-de-la-terre\/regions-viticoles\/#breadcrumb"},"inLanguage":"fr-FR","potentialAction":[{"@type":"ReadAction","target":["https:\/\/laterreaboire.com\/Podcast-vin\/la-winelist-de-la-terre\/regions-viticoles\/"]}]},{"@type":"BreadcrumbList","@id":"https:\/\/laterreaboire.com\/Podcast-vin\/la-winelist-de-la-terre\/regions-viticoles\/#breadcrumb","itemListElement":[{"@type":"ListItem","position":1,"name":"Accueil","item":"https:\/\/laterreaboire.com\/Podcast-vin\/"},{"@type":"ListItem","position":2,"name":"La WineList de La Terre"}]},{"@type":"Article","@id":"https:\/\/laterreaboire.com\/Podcast-vin\/la-winelist-de-la-terre\/regions-viticoles\/#article","isPartOf":{"@id":"https:\/\/laterreaboire.com\/Podcast-vin\/la-winelist-de-la-terre\/regions-viticoles\/#webpage"},"author":{"@id":"https:\/\/laterreaboire.com\/Podcast-vin\/#\/schema\/person\/b1cc4d3e42eb913aba1b6801941d1bb0"},"headline":"La WineList de La Terre","datePublished":"2019-06-19T13:00:14+00:00","dateModified":"2019-06-21T01:39:59+00:00","mainEntityOfPage":{"@id":"https:\/\/laterreaboire.com\/Podcast-vin\/la-winelist-de-la-terre\/regions-viticoles\/#webpage"},"wordCount":471,"commentCount":0,"publisher":{"@id":"https:\/\/laterreaboire.com\/Podcast-vin\/#organization"},"articleSection":["R\u00e9gions"],"inLanguage":"fr-FR","potentialAction":[{"@type":"CommentAction","name":"Comment","target":["https:\/\/laterreaboire.com\/Podcast-vin\/la-winelist-de-la-terre\/regions-viticoles\/#respond"]}]},{"@type":"Person","@id":"https:\/\/laterreaboire.com\/Podcast-vin\/#\/schema\/person\/b1cc4d3e42eb913aba1b6801941d1bb0","name":"La Terre \u00e0 Boire","image":{"@type":"ImageObject","@id":"https:\/\/laterreaboire.com\/Podcast-vin\/#personlogo","inLanguage":"fr-FR","url":"https:\/\/secure.gravatar.com\/avatar\/2055ef91382274a88edb39471a05c4d9?s=96&d=mm&r=g","contentUrl":"https:\/\/secure.gravatar.com\/avatar\/2055ef91382274a88edb39471a05c4d9?s=96&d=mm&r=g","caption":"La Terre \u00e0 Boire"},"url":"https:\/\/laterreaboire.com\/Podcast-vin\/author\/fbn_4qc\/"}]}},"_links":{"self":[{"href":"https:\/\/laterreaboire.com\/Podcast-vin\/wp-json\/wp\/v2\/posts\/486"}],"collection":[{"href":"https:\/\/laterreaboire.com\/Podcast-vin\/wp-json\/wp\/v2\/posts"}],"about":[{"href":"https:\/\/laterreaboire.com\/Podcast-vin\/wp-json\/wp\/v2\/types\/post"}],"author":[{"embeddable":true,"href":"https:\/\/laterreaboire.com\/Podcast-vin\/wp-json\/wp\/v2\/users\/1"}],"replies":[{"embeddable":true,"href":"https:\/\/laterreaboire.com\/Podcast-vin\/wp-json\/wp\/v2\/comments?post=486"}],"version-history":[{"count":3,"href":"https:\/\/laterreaboire.com\/Podcast-vin\/wp-json\/wp\/v2\/posts\/486\/revisions"}],"predecessor-version":[{"id":497,"href":"https:\/\/laterreaboire.com\/Podcast-vin\/wp-json\/wp\/v2\/posts\/486\/revisions\/497"}],"wp:attachment":[{"href":"https:\/\/laterreaboire.com\/Podcast-vin\/wp-json\/wp\/v2\/media?parent=486"}],"wp:term":[{"taxonomy":"category","embeddable":true,"href":"https:\/\/laterreaboire.com\/Podcast-vin\/wp-json\/wp\/v2\/categories?post=486"},{"taxonomy":"post_tag","embeddable":true,"href":"https:\/\/laterreaboire.com\/Podcast-vin\/wp-json\/wp\/v2\/tags?post=486"}],"curies":[{"name":"wp","href":"https:\/\/api.w.org\/{rel}","templated":true}]}}