{"id":1177,"date":"2022-12-14T01:37:48","date_gmt":"2022-12-14T01:37:48","guid":{"rendered":"https:\/\/laterreaboire.com\/Podcast-vin\/?p=1177"},"modified":"2023-02-03T01:06:42","modified_gmt":"2023-02-03T01:06:42","slug":"97-in-vino-femina","status":"publish","type":"post","link":"https:\/\/laterreaboire.com\/Podcast-vin\/97-in-vino-femina\/regions-viticoles\/","title":{"rendered":"#97 &#8211; In Vino Femina"},"content":{"rendered":"\n<p>Dans le roman graphique In Vino Femina paru aux \u00e9ditions Hachette , Alessandra Fottorino propose un voyage \u00e0 travers l&#8217;histoire des femmes dans le monde du vin. <\/p>\n\n\n\n<p>Des c\u00e9l\u00e8bres veuves de Champagne, premi\u00e8res femmes \u00e0 la t\u00eate de domaines prestiigieux, aux vigneronnes et aux militantes d&#8217;aujourd&#8217;hui sous la forme de portraits saisissants, croqu\u00e9s avec talent par la dessinatrice C\u00e9line Pernot-Burlet.&nbsp;<\/p>\n\n\n\n<figure class=\"wp-block-image size-large\"><img loading=\"lazy\" width=\"1024\" height=\"1024\" src=\"https:\/\/laterreaboire.com\/wp-content\/uploads\/2023\/02\/97-In-Vino-Femina-1024x1024.png\" alt=\"\" class=\"wp-image-1197\" srcset=\"https:\/\/laterreaboire.com\/wp-content\/uploads\/2023\/02\/97-In-Vino-Femina-1024x1024.png 1024w, https:\/\/laterreaboire.com\/wp-content\/uploads\/2023\/02\/97-In-Vino-Femina-300x300.png 300w, https:\/\/laterreaboire.com\/wp-content\/uploads\/2023\/02\/97-In-Vino-Femina-150x150.png 150w, https:\/\/laterreaboire.com\/wp-content\/uploads\/2023\/02\/97-In-Vino-Femina-768x768.png 768w, https:\/\/laterreaboire.com\/wp-content\/uploads\/2023\/02\/97-In-Vino-Femina-676x676.png 676w, https:\/\/laterreaboire.com\/wp-content\/uploads\/2023\/02\/97-In-Vino-Femina.png 1080w\" sizes=\"(max-width: 1024px) 100vw, 1024px\" \/><\/figure>\n\n\n\n<iframe frameborder=\"0\" loading=\"lazy\" id=\"ausha-Hywc\" height=\"220\" style=\"border: none; width:100%; height:220px\" src=\"https:\/\/player.ausha.co\/index.html?podcastId=yOmO8s3Kx1dY&amp;playlist=false&amp;color=%2389111f&amp;v=3&amp;playerId=ausha-Hywc\"><\/iframe><script src=\"https:\/\/player.ausha.co\/ausha-player.js\"><\/script>\n\n\n\n<p>En guise de fil rouge, on suit les aventures d&#8217;Aless, jeune caviste qui se fait progressivement une place dans le vin, confront\u00e9e au long de son parcours aux nombreuses formes que peuvent prendre le sexisme ordinaire et les pr\u00e9jug\u00e9s, trait\u00e9s sans complaisance mais toujours avec humour.<\/p>\n\n\n\n<p>Une conversation passionnante avec les deux autrices avec qui nous d\u00e9gustons deux vins: Aless a apport\u00e9 un rouge du domaine Miolanne en appellation C\u00f4tes d&#8217;Auvergne, croquant gamay de cette Loire Volcanique qui fait tant parler d&#8217;elle.  Patrice propose \u00e0 la d\u00e9gustation un \u00e9tonnant vin blanc normand (oui, normand!) du domaine Les Arpents du Soleil.<\/p>\n\n\n\n<p>Enregistr\u00e9 au Studio Module<br>Hosts: Romain @radiophill, Patrice Defay, Valerie Houvertus @oenotasting, Laurent Delsaux @therapywine <\/p>\n\n\n\n<p>G\u00e9n\u00e9rique: <a href=\"https:\/\/www.youtube.com\/watch?v=RX7TA3ezjHc\">Easy Living<\/a> (Billie Holiday, Teddy Wilson)&nbsp;<\/p>\n","protected":false},"excerpt":{"rendered":"<p>Dans le roman graphique In Vino Femina paru aux \u00e9ditions Hachette , Alessandra Fottorino propose un voyage \u00e0 travers l&#8217;histoire des femmes dans le monde du vin. Des c\u00e9l\u00e8bres veuves de Champagne, premi\u00e8res femmes \u00e0 la t\u00eate de domaines prestiigieux, aux vigneronnes et aux militantes d&#8217;aujourd&#8217;hui sous la forme de portraits saisissants, croqu\u00e9s avec talent [&hellip;]<\/p>\n","protected":false},"author":1,"featured_media":0,"comment_status":"open","ping_status":"open","sticky":false,"template":"","format":"standard","meta":{"kt_blocks_editor_width":""},"categories":[1],"tags":[],"yoast_head":"<!-- This site is optimized with the Yoast SEO plugin v17.8 - https:\/\/yoast.com\/wordpress\/plugins\/seo\/ -->\n<title>La Terre \u00e0 Boire | Nos podcasts sur le vin<\/title>\n<meta name=\"description\" content=\"La terre \u00e0 boire, le podcast pour les passionn\u00e9s et les amateurs. Avec des chroniqueurs vari\u00e9s, le vin s&#039;\u00e9coute aussi !\" \/>\n<meta name=\"robots\" content=\"index, follow, max-snippet:-1, max-image-preview:large, max-video-preview:-1\" \/>\n<link rel=\"canonical\" href=\"https:\/\/laterreaboire.com\/Podcast-vin\/97-in-vino-femina\/regions-viticoles\/\" \/>\n<meta property=\"og:locale\" content=\"fr_FR\" \/>\n<meta property=\"og:type\" content=\"article\" \/>\n<meta property=\"og:title\" content=\"La Terre \u00e0 Boire | Nos podcasts sur le vin\" \/>\n<meta property=\"og:description\" content=\"La terre \u00e0 boire, le podcast pour les passionn\u00e9s et les amateurs. Avec des chroniqueurs vari\u00e9s, le vin s&#039;\u00e9coute aussi !\" \/>\n<meta property=\"og:url\" content=\"https:\/\/laterreaboire.com\/Podcast-vin\/97-in-vino-femina\/regions-viticoles\/\" \/>\n<meta property=\"og:site_name\" content=\"La Terre \u00e0 Boire\" \/>\n<meta property=\"article:publisher\" content=\"http:\/\/www.laterreaboire.com\/\" \/>\n<meta property=\"article:published_time\" content=\"2022-12-14T01:37:48+00:00\" \/>\n<meta property=\"article:modified_time\" content=\"2023-02-03T01:06:42+00:00\" \/>\n<meta property=\"og:image\" content=\"https:\/\/laterreaboire.com\/wp-content\/uploads\/2023\/02\/97-In-Vino-Femina-1024x1024.png\" \/>\n<meta name=\"twitter:card\" content=\"summary_large_image\" \/>\n<meta name=\"twitter:creator\" content=\"@LaTerreABoire\" \/>\n<meta name=\"twitter:site\" content=\"@LaTerreABoire\" \/>\n<meta name=\"twitter:label1\" content=\"\u00c9crit par\" \/>\n\t<meta name=\"twitter:data1\" content=\"La Terre \u00e0 Boire\" \/>\n\t<meta name=\"twitter:label2\" content=\"Dur\u00e9e de lecture estim\u00e9e\" \/>\n\t<meta name=\"twitter:data2\" content=\"2 minutes\" \/>\n<script type=\"application\/ld+json\" class=\"yoast-schema-graph\">{\"@context\":\"https:\/\/schema.org\",\"@graph\":[{\"@type\":\"Organization\",\"@id\":\"https:\/\/laterreaboire.com\/Podcast-vin\/#organization\",\"name\":\"La Terre \\u00e0 Boire\",\"url\":\"https:\/\/laterreaboire.com\/Podcast-vin\/\",\"sameAs\":[\"http:\/\/www.laterreaboire.com\/\",\"https:\/\/www.instagram.com\/laterreaboire\/?hl=fr\",\"https:\/\/www.linkedin.com\/company\/la-terre-\\u00e0-boire\/\",\"https:\/\/www.youtube.com\/channel\/UCnhq_lUEgizGHy5Mq4YEArw\/videos\",\"https:\/\/twitter.com\/LaTerreABoire\"],\"logo\":{\"@type\":\"ImageObject\",\"@id\":\"https:\/\/laterreaboire.com\/Podcast-vin\/#logo\",\"inLanguage\":\"fr-FR\",\"url\":\"https:\/\/laterreaboire.com\/wp-content\/uploads\/2019\/02\/cropped-18-3.png\",\"contentUrl\":\"https:\/\/laterreaboire.com\/wp-content\/uploads\/2019\/02\/cropped-18-3.png\",\"width\":2048,\"height\":2048,\"caption\":\"La Terre \\u00e0 Boire\"},\"image\":{\"@id\":\"https:\/\/laterreaboire.com\/Podcast-vin\/#logo\"}},{\"@type\":\"WebSite\",\"@id\":\"https:\/\/laterreaboire.com\/Podcast-vin\/#website\",\"url\":\"https:\/\/laterreaboire.com\/Podcast-vin\/\",\"name\":\"La Terre \\u00e0 Boire\",\"description\":\"Podcast Oenophile\",\"publisher\":{\"@id\":\"https:\/\/laterreaboire.com\/Podcast-vin\/#organization\"},\"potentialAction\":[{\"@type\":\"SearchAction\",\"target\":{\"@type\":\"EntryPoint\",\"urlTemplate\":\"https:\/\/laterreaboire.com\/Podcast-vin\/?s={search_term_string}\"},\"query-input\":\"required name=search_term_string\"}],\"inLanguage\":\"fr-FR\"},{\"@type\":\"ImageObject\",\"@id\":\"https:\/\/laterreaboire.com\/Podcast-vin\/97-in-vino-femina\/regions-viticoles\/#primaryimage\",\"inLanguage\":\"fr-FR\",\"url\":\"https:\/\/laterreaboire.com\/wp-content\/uploads\/2023\/02\/97-In-Vino-Femina.png\",\"contentUrl\":\"https:\/\/laterreaboire.com\/wp-content\/uploads\/2023\/02\/97-In-Vino-Femina.png\",\"width\":1080,\"height\":1080},{\"@type\":\"WebPage\",\"@id\":\"https:\/\/laterreaboire.com\/Podcast-vin\/97-in-vino-femina\/regions-viticoles\/#webpage\",\"url\":\"https:\/\/laterreaboire.com\/Podcast-vin\/97-in-vino-femina\/regions-viticoles\/\",\"name\":\"La Terre \\u00e0 Boire | Nos podcasts sur le vin\",\"isPartOf\":{\"@id\":\"https:\/\/laterreaboire.com\/Podcast-vin\/#website\"},\"primaryImageOfPage\":{\"@id\":\"https:\/\/laterreaboire.com\/Podcast-vin\/97-in-vino-femina\/regions-viticoles\/#primaryimage\"},\"datePublished\":\"2022-12-14T01:37:48+00:00\",\"dateModified\":\"2023-02-03T01:06:42+00:00\",\"description\":\"La terre \\u00e0 boire, le podcast pour les passionn\\u00e9s et les amateurs. Avec des chroniqueurs vari\\u00e9s, le vin s'\\u00e9coute aussi !\",\"breadcrumb\":{\"@id\":\"https:\/\/laterreaboire.com\/Podcast-vin\/97-in-vino-femina\/regions-viticoles\/#breadcrumb\"},\"inLanguage\":\"fr-FR\",\"potentialAction\":[{\"@type\":\"ReadAction\",\"target\":[\"https:\/\/laterreaboire.com\/Podcast-vin\/97-in-vino-femina\/regions-viticoles\/\"]}]},{\"@type\":\"BreadcrumbList\",\"@id\":\"https:\/\/laterreaboire.com\/Podcast-vin\/97-in-vino-femina\/regions-viticoles\/#breadcrumb\",\"itemListElement\":[{\"@type\":\"ListItem\",\"position\":1,\"name\":\"Accueil\",\"item\":\"https:\/\/laterreaboire.com\/Podcast-vin\/\"},{\"@type\":\"ListItem\",\"position\":2,\"name\":\"#97 &#8211; In Vino Femina\"}]},{\"@type\":\"Article\",\"@id\":\"https:\/\/laterreaboire.com\/Podcast-vin\/97-in-vino-femina\/regions-viticoles\/#article\",\"isPartOf\":{\"@id\":\"https:\/\/laterreaboire.com\/Podcast-vin\/97-in-vino-femina\/regions-viticoles\/#webpage\"},\"author\":{\"@id\":\"https:\/\/laterreaboire.com\/Podcast-vin\/#\/schema\/person\/b1cc4d3e42eb913aba1b6801941d1bb0\"},\"headline\":\"#97 &#8211; In Vino Femina\",\"datePublished\":\"2022-12-14T01:37:48+00:00\",\"dateModified\":\"2023-02-03T01:06:42+00:00\",\"mainEntityOfPage\":{\"@id\":\"https:\/\/laterreaboire.com\/Podcast-vin\/97-in-vino-femina\/regions-viticoles\/#webpage\"},\"wordCount\":198,\"commentCount\":0,\"publisher\":{\"@id\":\"https:\/\/laterreaboire.com\/Podcast-vin\/#organization\"},\"image\":{\"@id\":\"https:\/\/laterreaboire.com\/Podcast-vin\/97-in-vino-femina\/regions-viticoles\/#primaryimage\"},\"thumbnailUrl\":\"https:\/\/laterreaboire.com\/wp-content\/uploads\/2023\/02\/97-In-Vino-Femina-1024x1024.png\",\"articleSection\":[\"R\\u00e9gions\"],\"inLanguage\":\"fr-FR\",\"potentialAction\":[{\"@type\":\"CommentAction\",\"name\":\"Comment\",\"target\":[\"https:\/\/laterreaboire.com\/Podcast-vin\/97-in-vino-femina\/regions-viticoles\/#respond\"]}]},{\"@type\":\"Person\",\"@id\":\"https:\/\/laterreaboire.com\/Podcast-vin\/#\/schema\/person\/b1cc4d3e42eb913aba1b6801941d1bb0\",\"name\":\"La Terre \\u00e0 Boire\",\"image\":{\"@type\":\"ImageObject\",\"@id\":\"https:\/\/laterreaboire.com\/Podcast-vin\/#personlogo\",\"inLanguage\":\"fr-FR\",\"url\":\"https:\/\/secure.gravatar.com\/avatar\/2055ef91382274a88edb39471a05c4d9?s=96&d=mm&r=g\",\"contentUrl\":\"https:\/\/secure.gravatar.com\/avatar\/2055ef91382274a88edb39471a05c4d9?s=96&d=mm&r=g\",\"caption\":\"La Terre \\u00e0 Boire\"},\"url\":\"https:\/\/laterreaboire.com\/Podcast-vin\/author\/fbn_4qc\/\"}]}<\/script>\n<!-- \/ Yoast SEO plugin. -->","yoast_head_json":{"title":"La Terre \u00e0 Boire | Nos podcasts sur le vin","description":"La terre \u00e0 boire, le podcast pour les passionn\u00e9s et les amateurs. Avec des chroniqueurs vari\u00e9s, le vin s'\u00e9coute aussi !","robots":{"index":"index","follow":"follow","max-snippet":"max-snippet:-1","max-image-preview":"max-image-preview:large","max-video-preview":"max-video-preview:-1"},"canonical":"https:\/\/laterreaboire.com\/Podcast-vin\/97-in-vino-femina\/regions-viticoles\/","og_locale":"fr_FR","og_type":"article","og_title":"La Terre \u00e0 Boire | Nos podcasts sur le vin","og_description":"La terre \u00e0 boire, le podcast pour les passionn\u00e9s et les amateurs. Avec des chroniqueurs vari\u00e9s, le vin s'\u00e9coute aussi !","og_url":"https:\/\/laterreaboire.com\/Podcast-vin\/97-in-vino-femina\/regions-viticoles\/","og_site_name":"La Terre \u00e0 Boire","article_publisher":"http:\/\/www.laterreaboire.com\/","article_published_time":"2022-12-14T01:37:48+00:00","article_modified_time":"2023-02-03T01:06:42+00:00","og_image":[{"url":"https:\/\/laterreaboire.com\/wp-content\/uploads\/2023\/02\/97-In-Vino-Femina-1024x1024.png"}],"twitter_card":"summary_large_image","twitter_creator":"@LaTerreABoire","twitter_site":"@LaTerreABoire","twitter_misc":{"\u00c9crit par":"La Terre \u00e0 Boire","Dur\u00e9e de lecture estim\u00e9e":"2 minutes"},"schema":{"@context":"https:\/\/schema.org","@graph":[{"@type":"Organization","@id":"https:\/\/laterreaboire.com\/Podcast-vin\/#organization","name":"La Terre \u00e0 Boire","url":"https:\/\/laterreaboire.com\/Podcast-vin\/","sameAs":["http:\/\/www.laterreaboire.com\/","https:\/\/www.instagram.com\/laterreaboire\/?hl=fr","https:\/\/www.linkedin.com\/company\/la-terre-\u00e0-boire\/","https:\/\/www.youtube.com\/channel\/UCnhq_lUEgizGHy5Mq4YEArw\/videos","https:\/\/twitter.com\/LaTerreABoire"],"logo":{"@type":"ImageObject","@id":"https:\/\/laterreaboire.com\/Podcast-vin\/#logo","inLanguage":"fr-FR","url":"https:\/\/laterreaboire.com\/wp-content\/uploads\/2019\/02\/cropped-18-3.png","contentUrl":"https:\/\/laterreaboire.com\/wp-content\/uploads\/2019\/02\/cropped-18-3.png","width":2048,"height":2048,"caption":"La Terre \u00e0 Boire"},"image":{"@id":"https:\/\/laterreaboire.com\/Podcast-vin\/#logo"}},{"@type":"WebSite","@id":"https:\/\/laterreaboire.com\/Podcast-vin\/#website","url":"https:\/\/laterreaboire.com\/Podcast-vin\/","name":"La Terre \u00e0 Boire","description":"Podcast Oenophile","publisher":{"@id":"https:\/\/laterreaboire.com\/Podcast-vin\/#organization"},"potentialAction":[{"@type":"SearchAction","target":{"@type":"EntryPoint","urlTemplate":"https:\/\/laterreaboire.com\/Podcast-vin\/?s={search_term_string}"},"query-input":"required name=search_term_string"}],"inLanguage":"fr-FR"},{"@type":"ImageObject","@id":"https:\/\/laterreaboire.com\/Podcast-vin\/97-in-vino-femina\/regions-viticoles\/#primaryimage","inLanguage":"fr-FR","url":"https:\/\/laterreaboire.com\/wp-content\/uploads\/2023\/02\/97-In-Vino-Femina.png","contentUrl":"https:\/\/laterreaboire.com\/wp-content\/uploads\/2023\/02\/97-In-Vino-Femina.png","width":1080,"height":1080},{"@type":"WebPage","@id":"https:\/\/laterreaboire.com\/Podcast-vin\/97-in-vino-femina\/regions-viticoles\/#webpage","url":"https:\/\/laterreaboire.com\/Podcast-vin\/97-in-vino-femina\/regions-viticoles\/","name":"La Terre \u00e0 Boire | Nos podcasts sur le vin","isPartOf":{"@id":"https:\/\/laterreaboire.com\/Podcast-vin\/#website"},"primaryImageOfPage":{"@id":"https:\/\/laterreaboire.com\/Podcast-vin\/97-in-vino-femina\/regions-viticoles\/#primaryimage"},"datePublished":"2022-12-14T01:37:48+00:00","dateModified":"2023-02-03T01:06:42+00:00","description":"La terre \u00e0 boire, le podcast pour les passionn\u00e9s et les amateurs. Avec des chroniqueurs vari\u00e9s, le vin s'\u00e9coute aussi !","breadcrumb":{"@id":"https:\/\/laterreaboire.com\/Podcast-vin\/97-in-vino-femina\/regions-viticoles\/#breadcrumb"},"inLanguage":"fr-FR","potentialAction":[{"@type":"ReadAction","target":["https:\/\/laterreaboire.com\/Podcast-vin\/97-in-vino-femina\/regions-viticoles\/"]}]},{"@type":"BreadcrumbList","@id":"https:\/\/laterreaboire.com\/Podcast-vin\/97-in-vino-femina\/regions-viticoles\/#breadcrumb","itemListElement":[{"@type":"ListItem","position":1,"name":"Accueil","item":"https:\/\/laterreaboire.com\/Podcast-vin\/"},{"@type":"ListItem","position":2,"name":"#97 &#8211; In Vino Femina"}]},{"@type":"Article","@id":"https:\/\/laterreaboire.com\/Podcast-vin\/97-in-vino-femina\/regions-viticoles\/#article","isPartOf":{"@id":"https:\/\/laterreaboire.com\/Podcast-vin\/97-in-vino-femina\/regions-viticoles\/#webpage"},"author":{"@id":"https:\/\/laterreaboire.com\/Podcast-vin\/#\/schema\/person\/b1cc4d3e42eb913aba1b6801941d1bb0"},"headline":"#97 &#8211; In Vino Femina","datePublished":"2022-12-14T01:37:48+00:00","dateModified":"2023-02-03T01:06:42+00:00","mainEntityOfPage":{"@id":"https:\/\/laterreaboire.com\/Podcast-vin\/97-in-vino-femina\/regions-viticoles\/#webpage"},"wordCount":198,"commentCount":0,"publisher":{"@id":"https:\/\/laterreaboire.com\/Podcast-vin\/#organization"},"image":{"@id":"https:\/\/laterreaboire.com\/Podcast-vin\/97-in-vino-femina\/regions-viticoles\/#primaryimage"},"thumbnailUrl":"https:\/\/laterreaboire.com\/wp-content\/uploads\/2023\/02\/97-In-Vino-Femina-1024x1024.png","articleSection":["R\u00e9gions"],"inLanguage":"fr-FR","potentialAction":[{"@type":"CommentAction","name":"Comment","target":["https:\/\/laterreaboire.com\/Podcast-vin\/97-in-vino-femina\/regions-viticoles\/#respond"]}]},{"@type":"Person","@id":"https:\/\/laterreaboire.com\/Podcast-vin\/#\/schema\/person\/b1cc4d3e42eb913aba1b6801941d1bb0","name":"La Terre \u00e0 Boire","image":{"@type":"ImageObject","@id":"https:\/\/laterreaboire.com\/Podcast-vin\/#personlogo","inLanguage":"fr-FR","url":"https:\/\/secure.gravatar.com\/avatar\/2055ef91382274a88edb39471a05c4d9?s=96&d=mm&r=g","contentUrl":"https:\/\/secure.gravatar.com\/avatar\/2055ef91382274a88edb39471a05c4d9?s=96&d=mm&r=g","caption":"La Terre \u00e0 Boire"},"url":"https:\/\/laterreaboire.com\/Podcast-vin\/author\/fbn_4qc\/"}]}},"_links":{"self":[{"href":"https:\/\/laterreaboire.com\/Podcast-vin\/wp-json\/wp\/v2\/posts\/1177"}],"collection":[{"href":"https:\/\/laterreaboire.com\/Podcast-vin\/wp-json\/wp\/v2\/posts"}],"about":[{"href":"https:\/\/laterreaboire.com\/Podcast-vin\/wp-json\/wp\/v2\/types\/post"}],"author":[{"embeddable":true,"href":"https:\/\/laterreaboire.com\/Podcast-vin\/wp-json\/wp\/v2\/users\/1"}],"replies":[{"embeddable":true,"href":"https:\/\/laterreaboire.com\/Podcast-vin\/wp-json\/wp\/v2\/comments?post=1177"}],"version-history":[{"count":2,"href":"https:\/\/laterreaboire.com\/Podcast-vin\/wp-json\/wp\/v2\/posts\/1177\/revisions"}],"predecessor-version":[{"id":1198,"href":"https:\/\/laterreaboire.com\/Podcast-vin\/wp-json\/wp\/v2\/posts\/1177\/revisions\/1198"}],"wp:attachment":[{"href":"https:\/\/laterreaboire.com\/Podcast-vin\/wp-json\/wp\/v2\/media?parent=1177"}],"wp:term":[{"taxonomy":"category","embeddable":true,"href":"https:\/\/laterreaboire.com\/Podcast-vin\/wp-json\/wp\/v2\/categories?post=1177"},{"taxonomy":"post_tag","embeddable":true,"href":"https:\/\/laterreaboire.com\/Podcast-vin\/wp-json\/wp\/v2\/tags?post=1177"}],"curies":[{"name":"wp","href":"https:\/\/api.w.org\/{rel}","templated":true}]}}