{"id":1150,"date":"2022-06-25T04:46:20","date_gmt":"2022-06-25T04:46:20","guid":{"rendered":"https:\/\/laterreaboire.com\/Podcast-vin\/?p=1150"},"modified":"2022-06-25T04:46:22","modified_gmt":"2022-06-25T04:46:22","slug":"92-beaumes-de-venise-le-terroir-aux-deux-visages","status":"publish","type":"post","link":"https:\/\/laterreaboire.com\/Podcast-vin\/92-beaumes-de-venise-le-terroir-aux-deux-visages\/tous-les-episodes-de-la-terre-a-boire\/","title":{"rendered":"#92 &#8211; Beaumes-De-Venise Le Terroir Aux Deux Visages"},"content":{"rendered":"\n<p>Nous avons v\u00e9cu un moment exceptionnel \u00e0 Beaumes-De-Venise!&nbsp;<\/p>\n\n\n\n<p>Point de studio pour cet \u00e9pisode mais une table dress\u00e9e au milieu des vignes, \u00e0 l&#8217;ombre du Mont Ventoux et des Dentelles de Montmirail, des accords mets-vins parfaitement choisis pour mettre en avant 3 belles cuv\u00e9es exprimant la richesse de ce terroir unique.<\/p>\n\n\n\n<iframe frameborder=\"0\" loading=\"lazy\" id=\"ausha-E0UD\" height=\"220\" style=\"border: none; width:100%; height:220px\" src=\"https:\/\/player.ausha.co\/index.html?podcastId=bVOQvcgJ8gvR&#038;playlist=false&#038;color=%2389111f&#038;v=3&#038;playerId=ausha-E0UD\"><\/iframe><script src=\"https:\/\/player.ausha.co\/ausha-player.js\"><\/script>\n\n\n\n<div class=\"wp-block-image\"><figure class=\"aligncenter size-large is-resized\"><img loading=\"lazy\" src=\"https:\/\/laterreaboire.com\/wp-content\/uploads\/2022\/06\/WhatsApp-Image-2022-06-13-at-15.55.42-1-1024x577.jpeg\" alt=\"\" class=\"wp-image-1151\" width=\"589\" height=\"331\" srcset=\"https:\/\/laterreaboire.com\/wp-content\/uploads\/2022\/06\/WhatsApp-Image-2022-06-13-at-15.55.42-1-1024x577.jpeg 1024w, https:\/\/laterreaboire.com\/wp-content\/uploads\/2022\/06\/WhatsApp-Image-2022-06-13-at-15.55.42-1-300x169.jpeg 300w, https:\/\/laterreaboire.com\/wp-content\/uploads\/2022\/06\/WhatsApp-Image-2022-06-13-at-15.55.42-1-768x432.jpeg 768w, https:\/\/laterreaboire.com\/wp-content\/uploads\/2022\/06\/WhatsApp-Image-2022-06-13-at-15.55.42-1-1536x865.jpeg 1536w, https:\/\/laterreaboire.com\/wp-content\/uploads\/2022\/06\/WhatsApp-Image-2022-06-13-at-15.55.42-1-676x381.jpeg 676w, https:\/\/laterreaboire.com\/wp-content\/uploads\/2022\/06\/WhatsApp-Image-2022-06-13-at-15.55.42-1.jpeg 1600w\" sizes=\"(max-width: 589px) 100vw, 589px\" \/><figcaption>Un Studio Dans les Vignes<\/figcaption><\/figure><\/div>\n\n\n\n<p>On commence avec Thomas et Sophie Jullien du domaine La Ferme St Martin, dont la cuv\u00e9e Les Terres Jaunes a mis en joie toute la tabl\u00e9e par sa fraicheur et son \u00e9quilibre. Au domaine, en plus de la vue sublime, des exp\u00e9riences oenotouristiques innovantes, comme la d\u00e9gustation sous hypnose!<\/p>\n\n\n\n<div class=\"wp-block-columns\">\n<div class=\"wp-block-column\">\n<figure class=\"wp-block-image size-large\"><img loading=\"lazy\" width=\"576\" height=\"1024\" src=\"https:\/\/laterreaboire.com\/wp-content\/uploads\/2022\/06\/WhatsApp-Image-2022-06-13-at-15.55.42-2-576x1024.jpeg\" alt=\"\" class=\"wp-image-1155\" srcset=\"https:\/\/laterreaboire.com\/wp-content\/uploads\/2022\/06\/WhatsApp-Image-2022-06-13-at-15.55.42-2-576x1024.jpeg 576w, https:\/\/laterreaboire.com\/wp-content\/uploads\/2022\/06\/WhatsApp-Image-2022-06-13-at-15.55.42-2-169x300.jpeg 169w, https:\/\/laterreaboire.com\/wp-content\/uploads\/2022\/06\/WhatsApp-Image-2022-06-13-at-15.55.42-2-768x1365.jpeg 768w, https:\/\/laterreaboire.com\/wp-content\/uploads\/2022\/06\/WhatsApp-Image-2022-06-13-at-15.55.42-2-864x1536.jpeg 864w, https:\/\/laterreaboire.com\/wp-content\/uploads\/2022\/06\/WhatsApp-Image-2022-06-13-at-15.55.42-2-676x1202.jpeg 676w, https:\/\/laterreaboire.com\/wp-content\/uploads\/2022\/06\/WhatsApp-Image-2022-06-13-at-15.55.42-2.jpeg 900w\" sizes=\"(max-width: 576px) 100vw, 576px\" \/><figcaption>Thomas et <\/figcaption><\/figure>\n<\/div>\n\n\n\n<div class=\"wp-block-column\">\n<figure class=\"wp-block-image size-large\"><img loading=\"lazy\" width=\"576\" height=\"1024\" src=\"https:\/\/laterreaboire.com\/wp-content\/uploads\/2022\/06\/WhatsApp-Image-2022-06-13-at-15.55.41-1-1-576x1024.jpeg\" alt=\"\" class=\"wp-image-1156\" srcset=\"https:\/\/laterreaboire.com\/wp-content\/uploads\/2022\/06\/WhatsApp-Image-2022-06-13-at-15.55.41-1-1-576x1024.jpeg 576w, https:\/\/laterreaboire.com\/wp-content\/uploads\/2022\/06\/WhatsApp-Image-2022-06-13-at-15.55.41-1-1-169x300.jpeg 169w, https:\/\/laterreaboire.com\/wp-content\/uploads\/2022\/06\/WhatsApp-Image-2022-06-13-at-15.55.41-1-1-768x1365.jpeg 768w, https:\/\/laterreaboire.com\/wp-content\/uploads\/2022\/06\/WhatsApp-Image-2022-06-13-at-15.55.41-1-1-864x1536.jpeg 864w, https:\/\/laterreaboire.com\/wp-content\/uploads\/2022\/06\/WhatsApp-Image-2022-06-13-at-15.55.41-1-1-676x1202.jpeg 676w, https:\/\/laterreaboire.com\/wp-content\/uploads\/2022\/06\/WhatsApp-Image-2022-06-13-at-15.55.41-1-1.jpeg 900w\" sizes=\"(max-width: 576px) 100vw, 576px\" \/><figcaption><em>Sophie Jullien, de la Ferme St Martin<\/em><\/figcaption><\/figure>\n<\/div>\n<\/div>\n\n\n\n<p>On enchaine avec Claude Chabran, le patron de Rhon\u00e9a, regroupement des caves coop\u00e9ratives de Beaumes, Vacqueyras, Rasteau et Visan. Le fer de lance de l&#8217;agro-industrie \u00e0 Beaumes de Venise? Non, la mise \u00e0 jour du mod\u00e8le de coop\u00e9rative pour adresser les probl\u00e9matiques d&#8217;aujourd&#8217;hui, tant en amont sur la conduite de la vigne et la qualit\u00e9 des vins qu&#8217;en aval sur leur distribution et leur promotion. La cuv\u00e9e Daronton fait partie des vins que nous avions retenu \u00e0 l&#8217;aveugle et t\u00e9moigne, dans un autre style, de vins accesibles et directs, digestes et authentiques. Nous le d\u00e9gustons en \u00e9coutant le parcours de Claude, fils de vigneron, centralien parti conqu\u00e9rir le monde, et revenu au pays pour s&#8217;investir pour valoriser le terroir.<\/p>\n\n\n\n<div class=\"wp-block-image\"><figure class=\"aligncenter size-large is-resized\"><img loading=\"lazy\" src=\"https:\/\/laterreaboire.com\/wp-content\/uploads\/2022\/06\/WhatsApp-Image-2022-06-13-at-15.55.39-1-576x1024.jpeg\" alt=\"\" class=\"wp-image-1154\" width=\"346\" height=\"615\" srcset=\"https:\/\/laterreaboire.com\/wp-content\/uploads\/2022\/06\/WhatsApp-Image-2022-06-13-at-15.55.39-1-576x1024.jpeg 576w, https:\/\/laterreaboire.com\/wp-content\/uploads\/2022\/06\/WhatsApp-Image-2022-06-13-at-15.55.39-1-169x300.jpeg 169w, https:\/\/laterreaboire.com\/wp-content\/uploads\/2022\/06\/WhatsApp-Image-2022-06-13-at-15.55.39-1-768x1365.jpeg 768w, https:\/\/laterreaboire.com\/wp-content\/uploads\/2022\/06\/WhatsApp-Image-2022-06-13-at-15.55.39-1-864x1536.jpeg 864w, https:\/\/laterreaboire.com\/wp-content\/uploads\/2022\/06\/WhatsApp-Image-2022-06-13-at-15.55.39-1-676x1202.jpeg 676w, https:\/\/laterreaboire.com\/wp-content\/uploads\/2022\/06\/WhatsApp-Image-2022-06-13-at-15.55.39-1.jpeg 900w\" sizes=\"(max-width: 346px) 100vw, 346px\" \/><figcaption>Claude Chabran, de Rhon\u00e9a<\/figcaption><\/figure><\/div>\n\n\n\n<p>Comment finir autrement que par un verre de muscat? Vin doux d\u00e9j\u00e0 connu dans l&#8217;antiquit\u00e9 et servi au couronnement d&#8217;Elisabeth II. Celui \u00e0 notre table est sign\u00e9 Xavier Vignon, autre vigneron embl\u00e9matique de l&#8217;appellation. Un vin subtil, aromatique sans sucrosit\u00e9 excessive et s&#8217;accorde parfaitement au foie gras \u00e0 la f\u00e8ve de tonka concoct\u00e9 par l&#8217;Auberge St Roch, une des belles adresses gastronomiques de Beaumes de Venise!<\/p>\n\n\n\n<p>Hosts: Romain @radiophill, Patrice Defay @patricedefay1, Laurent Delsaux @therapywine<\/p>\n\n\n\n<p>Prise de Son et mixage Morgan @studiomodule<\/p>\n","protected":false},"excerpt":{"rendered":"<p>Nous avons v\u00e9cu un moment exceptionnel \u00e0 Beaumes-De-Venise!&nbsp; Point de studio pour cet \u00e9pisode mais une table dress\u00e9e au milieu des vignes, \u00e0 l&#8217;ombre du Mont Ventoux et des Dentelles de Montmirail, des accords mets-vins parfaitement choisis pour mettre en avant 3 belles cuv\u00e9es exprimant la richesse de ce terroir unique. On commence avec Thomas [&hellip;]<\/p>\n","protected":false},"author":1,"featured_media":0,"comment_status":"open","ping_status":"open","sticky":false,"template":"","format":"standard","meta":{"kt_blocks_editor_width":""},"categories":[25,6],"tags":[],"yoast_head":"<!-- This site is optimized with the Yoast SEO plugin v17.8 - https:\/\/yoast.com\/wordpress\/plugins\/seo\/ -->\n<title>La Terre \u00e0 Boire | Nos podcasts sur le vin<\/title>\n<meta name=\"description\" content=\"La terre \u00e0 boire, le podcast pour les passionn\u00e9s et les amateurs. Avec des chroniqueurs vari\u00e9s, le vin s&#039;\u00e9coute aussi !\" \/>\n<meta name=\"robots\" content=\"index, follow, max-snippet:-1, max-image-preview:large, max-video-preview:-1\" \/>\n<link rel=\"canonical\" href=\"https:\/\/laterreaboire.com\/Podcast-vin\/92-beaumes-de-venise-le-terroir-aux-deux-visages\/tous-les-episodes-de-la-terre-a-boire\/\" \/>\n<meta property=\"og:locale\" content=\"fr_FR\" \/>\n<meta property=\"og:type\" content=\"article\" \/>\n<meta property=\"og:title\" content=\"La Terre \u00e0 Boire | Nos podcasts sur le vin\" \/>\n<meta property=\"og:description\" content=\"La terre \u00e0 boire, le podcast pour les passionn\u00e9s et les amateurs. Avec des chroniqueurs vari\u00e9s, le vin s&#039;\u00e9coute aussi !\" \/>\n<meta property=\"og:url\" content=\"https:\/\/laterreaboire.com\/Podcast-vin\/92-beaumes-de-venise-le-terroir-aux-deux-visages\/tous-les-episodes-de-la-terre-a-boire\/\" \/>\n<meta property=\"og:site_name\" content=\"La Terre \u00e0 Boire\" \/>\n<meta property=\"article:publisher\" content=\"http:\/\/www.laterreaboire.com\/\" \/>\n<meta property=\"article:published_time\" content=\"2022-06-25T04:46:20+00:00\" \/>\n<meta property=\"article:modified_time\" content=\"2022-06-25T04:46:22+00:00\" \/>\n<meta property=\"og:image\" content=\"https:\/\/laterreaboire.com\/wp-content\/uploads\/2022\/06\/WhatsApp-Image-2022-06-13-at-15.55.42-1-1024x577.jpeg\" \/>\n<meta name=\"twitter:card\" content=\"summary_large_image\" \/>\n<meta name=\"twitter:creator\" content=\"@LaTerreABoire\" \/>\n<meta name=\"twitter:site\" content=\"@LaTerreABoire\" \/>\n<meta name=\"twitter:label1\" content=\"\u00c9crit par\" \/>\n\t<meta name=\"twitter:data1\" content=\"La Terre \u00e0 Boire\" \/>\n\t<meta name=\"twitter:label2\" content=\"Dur\u00e9e de lecture estim\u00e9e\" \/>\n\t<meta name=\"twitter:data2\" content=\"3 minutes\" \/>\n<script type=\"application\/ld+json\" class=\"yoast-schema-graph\">{\"@context\":\"https:\/\/schema.org\",\"@graph\":[{\"@type\":\"Organization\",\"@id\":\"https:\/\/laterreaboire.com\/Podcast-vin\/#organization\",\"name\":\"La Terre \\u00e0 Boire\",\"url\":\"https:\/\/laterreaboire.com\/Podcast-vin\/\",\"sameAs\":[\"http:\/\/www.laterreaboire.com\/\",\"https:\/\/www.instagram.com\/laterreaboire\/?hl=fr\",\"https:\/\/www.linkedin.com\/company\/la-terre-\\u00e0-boire\/\",\"https:\/\/www.youtube.com\/channel\/UCnhq_lUEgizGHy5Mq4YEArw\/videos\",\"https:\/\/twitter.com\/LaTerreABoire\"],\"logo\":{\"@type\":\"ImageObject\",\"@id\":\"https:\/\/laterreaboire.com\/Podcast-vin\/#logo\",\"inLanguage\":\"fr-FR\",\"url\":\"https:\/\/laterreaboire.com\/wp-content\/uploads\/2019\/02\/cropped-18-3.png\",\"contentUrl\":\"https:\/\/laterreaboire.com\/wp-content\/uploads\/2019\/02\/cropped-18-3.png\",\"width\":2048,\"height\":2048,\"caption\":\"La Terre \\u00e0 Boire\"},\"image\":{\"@id\":\"https:\/\/laterreaboire.com\/Podcast-vin\/#logo\"}},{\"@type\":\"WebSite\",\"@id\":\"https:\/\/laterreaboire.com\/Podcast-vin\/#website\",\"url\":\"https:\/\/laterreaboire.com\/Podcast-vin\/\",\"name\":\"La Terre \\u00e0 Boire\",\"description\":\"Podcast Oenophile\",\"publisher\":{\"@id\":\"https:\/\/laterreaboire.com\/Podcast-vin\/#organization\"},\"potentialAction\":[{\"@type\":\"SearchAction\",\"target\":{\"@type\":\"EntryPoint\",\"urlTemplate\":\"https:\/\/laterreaboire.com\/Podcast-vin\/?s={search_term_string}\"},\"query-input\":\"required name=search_term_string\"}],\"inLanguage\":\"fr-FR\"},{\"@type\":\"ImageObject\",\"@id\":\"https:\/\/laterreaboire.com\/Podcast-vin\/92-beaumes-de-venise-le-terroir-aux-deux-visages\/tous-les-episodes-de-la-terre-a-boire\/#primaryimage\",\"inLanguage\":\"fr-FR\",\"url\":\"https:\/\/laterreaboire.com\/wp-content\/uploads\/2022\/06\/WhatsApp-Image-2022-06-13-at-15.55.42-1.jpeg\",\"contentUrl\":\"https:\/\/laterreaboire.com\/wp-content\/uploads\/2022\/06\/WhatsApp-Image-2022-06-13-at-15.55.42-1.jpeg\",\"width\":1600,\"height\":901},{\"@type\":\"WebPage\",\"@id\":\"https:\/\/laterreaboire.com\/Podcast-vin\/92-beaumes-de-venise-le-terroir-aux-deux-visages\/tous-les-episodes-de-la-terre-a-boire\/#webpage\",\"url\":\"https:\/\/laterreaboire.com\/Podcast-vin\/92-beaumes-de-venise-le-terroir-aux-deux-visages\/tous-les-episodes-de-la-terre-a-boire\/\",\"name\":\"La Terre \\u00e0 Boire | Nos podcasts sur le vin\",\"isPartOf\":{\"@id\":\"https:\/\/laterreaboire.com\/Podcast-vin\/#website\"},\"primaryImageOfPage\":{\"@id\":\"https:\/\/laterreaboire.com\/Podcast-vin\/92-beaumes-de-venise-le-terroir-aux-deux-visages\/tous-les-episodes-de-la-terre-a-boire\/#primaryimage\"},\"datePublished\":\"2022-06-25T04:46:20+00:00\",\"dateModified\":\"2022-06-25T04:46:22+00:00\",\"description\":\"La terre \\u00e0 boire, le podcast pour les passionn\\u00e9s et les amateurs. Avec des chroniqueurs vari\\u00e9s, le vin s'\\u00e9coute aussi !\",\"breadcrumb\":{\"@id\":\"https:\/\/laterreaboire.com\/Podcast-vin\/92-beaumes-de-venise-le-terroir-aux-deux-visages\/tous-les-episodes-de-la-terre-a-boire\/#breadcrumb\"},\"inLanguage\":\"fr-FR\",\"potentialAction\":[{\"@type\":\"ReadAction\",\"target\":[\"https:\/\/laterreaboire.com\/Podcast-vin\/92-beaumes-de-venise-le-terroir-aux-deux-visages\/tous-les-episodes-de-la-terre-a-boire\/\"]}]},{\"@type\":\"BreadcrumbList\",\"@id\":\"https:\/\/laterreaboire.com\/Podcast-vin\/92-beaumes-de-venise-le-terroir-aux-deux-visages\/tous-les-episodes-de-la-terre-a-boire\/#breadcrumb\",\"itemListElement\":[{\"@type\":\"ListItem\",\"position\":1,\"name\":\"Accueil\",\"item\":\"https:\/\/laterreaboire.com\/Podcast-vin\/\"},{\"@type\":\"ListItem\",\"position\":2,\"name\":\"#92 &#8211; Beaumes-De-Venise Le Terroir Aux Deux Visages\"}]},{\"@type\":\"Article\",\"@id\":\"https:\/\/laterreaboire.com\/Podcast-vin\/92-beaumes-de-venise-le-terroir-aux-deux-visages\/tous-les-episodes-de-la-terre-a-boire\/#article\",\"isPartOf\":{\"@id\":\"https:\/\/laterreaboire.com\/Podcast-vin\/92-beaumes-de-venise-le-terroir-aux-deux-visages\/tous-les-episodes-de-la-terre-a-boire\/#webpage\"},\"author\":{\"@id\":\"https:\/\/laterreaboire.com\/Podcast-vin\/#\/schema\/person\/b1cc4d3e42eb913aba1b6801941d1bb0\"},\"headline\":\"#92 &#8211; Beaumes-De-Venise Le Terroir Aux Deux Visages\",\"datePublished\":\"2022-06-25T04:46:20+00:00\",\"dateModified\":\"2022-06-25T04:46:22+00:00\",\"mainEntityOfPage\":{\"@id\":\"https:\/\/laterreaboire.com\/Podcast-vin\/92-beaumes-de-venise-le-terroir-aux-deux-visages\/tous-les-episodes-de-la-terre-a-boire\/#webpage\"},\"wordCount\":339,\"commentCount\":0,\"publisher\":{\"@id\":\"https:\/\/laterreaboire.com\/Podcast-vin\/#organization\"},\"image\":{\"@id\":\"https:\/\/laterreaboire.com\/Podcast-vin\/92-beaumes-de-venise-le-terroir-aux-deux-visages\/tous-les-episodes-de-la-terre-a-boire\/#primaryimage\"},\"thumbnailUrl\":\"https:\/\/laterreaboire.com\/wp-content\/uploads\/2022\/06\/WhatsApp-Image-2022-06-13-at-15.55.42-1-1024x577.jpeg\",\"articleSection\":[\"Episodes\",\"Rh\\u00f4ne Sud\"],\"inLanguage\":\"fr-FR\",\"potentialAction\":[{\"@type\":\"CommentAction\",\"name\":\"Comment\",\"target\":[\"https:\/\/laterreaboire.com\/Podcast-vin\/92-beaumes-de-venise-le-terroir-aux-deux-visages\/tous-les-episodes-de-la-terre-a-boire\/#respond\"]}]},{\"@type\":\"Person\",\"@id\":\"https:\/\/laterreaboire.com\/Podcast-vin\/#\/schema\/person\/b1cc4d3e42eb913aba1b6801941d1bb0\",\"name\":\"La Terre \\u00e0 Boire\",\"image\":{\"@type\":\"ImageObject\",\"@id\":\"https:\/\/laterreaboire.com\/Podcast-vin\/#personlogo\",\"inLanguage\":\"fr-FR\",\"url\":\"https:\/\/secure.gravatar.com\/avatar\/2055ef91382274a88edb39471a05c4d9?s=96&d=mm&r=g\",\"contentUrl\":\"https:\/\/secure.gravatar.com\/avatar\/2055ef91382274a88edb39471a05c4d9?s=96&d=mm&r=g\",\"caption\":\"La Terre \\u00e0 Boire\"},\"url\":\"https:\/\/laterreaboire.com\/Podcast-vin\/author\/fbn_4qc\/\"}]}<\/script>\n<!-- \/ Yoast SEO plugin. -->","yoast_head_json":{"title":"La Terre \u00e0 Boire | Nos podcasts sur le vin","description":"La terre \u00e0 boire, le podcast pour les passionn\u00e9s et les amateurs. Avec des chroniqueurs vari\u00e9s, le vin s'\u00e9coute aussi !","robots":{"index":"index","follow":"follow","max-snippet":"max-snippet:-1","max-image-preview":"max-image-preview:large","max-video-preview":"max-video-preview:-1"},"canonical":"https:\/\/laterreaboire.com\/Podcast-vin\/92-beaumes-de-venise-le-terroir-aux-deux-visages\/tous-les-episodes-de-la-terre-a-boire\/","og_locale":"fr_FR","og_type":"article","og_title":"La Terre \u00e0 Boire | Nos podcasts sur le vin","og_description":"La terre \u00e0 boire, le podcast pour les passionn\u00e9s et les amateurs. Avec des chroniqueurs vari\u00e9s, le vin s'\u00e9coute aussi !","og_url":"https:\/\/laterreaboire.com\/Podcast-vin\/92-beaumes-de-venise-le-terroir-aux-deux-visages\/tous-les-episodes-de-la-terre-a-boire\/","og_site_name":"La Terre \u00e0 Boire","article_publisher":"http:\/\/www.laterreaboire.com\/","article_published_time":"2022-06-25T04:46:20+00:00","article_modified_time":"2022-06-25T04:46:22+00:00","og_image":[{"url":"https:\/\/laterreaboire.com\/wp-content\/uploads\/2022\/06\/WhatsApp-Image-2022-06-13-at-15.55.42-1-1024x577.jpeg"}],"twitter_card":"summary_large_image","twitter_creator":"@LaTerreABoire","twitter_site":"@LaTerreABoire","twitter_misc":{"\u00c9crit par":"La Terre \u00e0 Boire","Dur\u00e9e de lecture estim\u00e9e":"3 minutes"},"schema":{"@context":"https:\/\/schema.org","@graph":[{"@type":"Organization","@id":"https:\/\/laterreaboire.com\/Podcast-vin\/#organization","name":"La Terre \u00e0 Boire","url":"https:\/\/laterreaboire.com\/Podcast-vin\/","sameAs":["http:\/\/www.laterreaboire.com\/","https:\/\/www.instagram.com\/laterreaboire\/?hl=fr","https:\/\/www.linkedin.com\/company\/la-terre-\u00e0-boire\/","https:\/\/www.youtube.com\/channel\/UCnhq_lUEgizGHy5Mq4YEArw\/videos","https:\/\/twitter.com\/LaTerreABoire"],"logo":{"@type":"ImageObject","@id":"https:\/\/laterreaboire.com\/Podcast-vin\/#logo","inLanguage":"fr-FR","url":"https:\/\/laterreaboire.com\/wp-content\/uploads\/2019\/02\/cropped-18-3.png","contentUrl":"https:\/\/laterreaboire.com\/wp-content\/uploads\/2019\/02\/cropped-18-3.png","width":2048,"height":2048,"caption":"La Terre \u00e0 Boire"},"image":{"@id":"https:\/\/laterreaboire.com\/Podcast-vin\/#logo"}},{"@type":"WebSite","@id":"https:\/\/laterreaboire.com\/Podcast-vin\/#website","url":"https:\/\/laterreaboire.com\/Podcast-vin\/","name":"La Terre \u00e0 Boire","description":"Podcast Oenophile","publisher":{"@id":"https:\/\/laterreaboire.com\/Podcast-vin\/#organization"},"potentialAction":[{"@type":"SearchAction","target":{"@type":"EntryPoint","urlTemplate":"https:\/\/laterreaboire.com\/Podcast-vin\/?s={search_term_string}"},"query-input":"required name=search_term_string"}],"inLanguage":"fr-FR"},{"@type":"ImageObject","@id":"https:\/\/laterreaboire.com\/Podcast-vin\/92-beaumes-de-venise-le-terroir-aux-deux-visages\/tous-les-episodes-de-la-terre-a-boire\/#primaryimage","inLanguage":"fr-FR","url":"https:\/\/laterreaboire.com\/wp-content\/uploads\/2022\/06\/WhatsApp-Image-2022-06-13-at-15.55.42-1.jpeg","contentUrl":"https:\/\/laterreaboire.com\/wp-content\/uploads\/2022\/06\/WhatsApp-Image-2022-06-13-at-15.55.42-1.jpeg","width":1600,"height":901},{"@type":"WebPage","@id":"https:\/\/laterreaboire.com\/Podcast-vin\/92-beaumes-de-venise-le-terroir-aux-deux-visages\/tous-les-episodes-de-la-terre-a-boire\/#webpage","url":"https:\/\/laterreaboire.com\/Podcast-vin\/92-beaumes-de-venise-le-terroir-aux-deux-visages\/tous-les-episodes-de-la-terre-a-boire\/","name":"La Terre \u00e0 Boire | Nos podcasts sur le vin","isPartOf":{"@id":"https:\/\/laterreaboire.com\/Podcast-vin\/#website"},"primaryImageOfPage":{"@id":"https:\/\/laterreaboire.com\/Podcast-vin\/92-beaumes-de-venise-le-terroir-aux-deux-visages\/tous-les-episodes-de-la-terre-a-boire\/#primaryimage"},"datePublished":"2022-06-25T04:46:20+00:00","dateModified":"2022-06-25T04:46:22+00:00","description":"La terre \u00e0 boire, le podcast pour les passionn\u00e9s et les amateurs. Avec des chroniqueurs vari\u00e9s, le vin s'\u00e9coute aussi !","breadcrumb":{"@id":"https:\/\/laterreaboire.com\/Podcast-vin\/92-beaumes-de-venise-le-terroir-aux-deux-visages\/tous-les-episodes-de-la-terre-a-boire\/#breadcrumb"},"inLanguage":"fr-FR","potentialAction":[{"@type":"ReadAction","target":["https:\/\/laterreaboire.com\/Podcast-vin\/92-beaumes-de-venise-le-terroir-aux-deux-visages\/tous-les-episodes-de-la-terre-a-boire\/"]}]},{"@type":"BreadcrumbList","@id":"https:\/\/laterreaboire.com\/Podcast-vin\/92-beaumes-de-venise-le-terroir-aux-deux-visages\/tous-les-episodes-de-la-terre-a-boire\/#breadcrumb","itemListElement":[{"@type":"ListItem","position":1,"name":"Accueil","item":"https:\/\/laterreaboire.com\/Podcast-vin\/"},{"@type":"ListItem","position":2,"name":"#92 &#8211; Beaumes-De-Venise Le Terroir Aux Deux Visages"}]},{"@type":"Article","@id":"https:\/\/laterreaboire.com\/Podcast-vin\/92-beaumes-de-venise-le-terroir-aux-deux-visages\/tous-les-episodes-de-la-terre-a-boire\/#article","isPartOf":{"@id":"https:\/\/laterreaboire.com\/Podcast-vin\/92-beaumes-de-venise-le-terroir-aux-deux-visages\/tous-les-episodes-de-la-terre-a-boire\/#webpage"},"author":{"@id":"https:\/\/laterreaboire.com\/Podcast-vin\/#\/schema\/person\/b1cc4d3e42eb913aba1b6801941d1bb0"},"headline":"#92 &#8211; Beaumes-De-Venise Le Terroir Aux Deux Visages","datePublished":"2022-06-25T04:46:20+00:00","dateModified":"2022-06-25T04:46:22+00:00","mainEntityOfPage":{"@id":"https:\/\/laterreaboire.com\/Podcast-vin\/92-beaumes-de-venise-le-terroir-aux-deux-visages\/tous-les-episodes-de-la-terre-a-boire\/#webpage"},"wordCount":339,"commentCount":0,"publisher":{"@id":"https:\/\/laterreaboire.com\/Podcast-vin\/#organization"},"image":{"@id":"https:\/\/laterreaboire.com\/Podcast-vin\/92-beaumes-de-venise-le-terroir-aux-deux-visages\/tous-les-episodes-de-la-terre-a-boire\/#primaryimage"},"thumbnailUrl":"https:\/\/laterreaboire.com\/wp-content\/uploads\/2022\/06\/WhatsApp-Image-2022-06-13-at-15.55.42-1-1024x577.jpeg","articleSection":["Episodes","Rh\u00f4ne Sud"],"inLanguage":"fr-FR","potentialAction":[{"@type":"CommentAction","name":"Comment","target":["https:\/\/laterreaboire.com\/Podcast-vin\/92-beaumes-de-venise-le-terroir-aux-deux-visages\/tous-les-episodes-de-la-terre-a-boire\/#respond"]}]},{"@type":"Person","@id":"https:\/\/laterreaboire.com\/Podcast-vin\/#\/schema\/person\/b1cc4d3e42eb913aba1b6801941d1bb0","name":"La Terre \u00e0 Boire","image":{"@type":"ImageObject","@id":"https:\/\/laterreaboire.com\/Podcast-vin\/#personlogo","inLanguage":"fr-FR","url":"https:\/\/secure.gravatar.com\/avatar\/2055ef91382274a88edb39471a05c4d9?s=96&d=mm&r=g","contentUrl":"https:\/\/secure.gravatar.com\/avatar\/2055ef91382274a88edb39471a05c4d9?s=96&d=mm&r=g","caption":"La Terre \u00e0 Boire"},"url":"https:\/\/laterreaboire.com\/Podcast-vin\/author\/fbn_4qc\/"}]}},"_links":{"self":[{"href":"https:\/\/laterreaboire.com\/Podcast-vin\/wp-json\/wp\/v2\/posts\/1150"}],"collection":[{"href":"https:\/\/laterreaboire.com\/Podcast-vin\/wp-json\/wp\/v2\/posts"}],"about":[{"href":"https:\/\/laterreaboire.com\/Podcast-vin\/wp-json\/wp\/v2\/types\/post"}],"author":[{"embeddable":true,"href":"https:\/\/laterreaboire.com\/Podcast-vin\/wp-json\/wp\/v2\/users\/1"}],"replies":[{"embeddable":true,"href":"https:\/\/laterreaboire.com\/Podcast-vin\/wp-json\/wp\/v2\/comments?post=1150"}],"version-history":[{"count":1,"href":"https:\/\/laterreaboire.com\/Podcast-vin\/wp-json\/wp\/v2\/posts\/1150\/revisions"}],"predecessor-version":[{"id":1157,"href":"https:\/\/laterreaboire.com\/Podcast-vin\/wp-json\/wp\/v2\/posts\/1150\/revisions\/1157"}],"wp:attachment":[{"href":"https:\/\/laterreaboire.com\/Podcast-vin\/wp-json\/wp\/v2\/media?parent=1150"}],"wp:term":[{"taxonomy":"category","embeddable":true,"href":"https:\/\/laterreaboire.com\/Podcast-vin\/wp-json\/wp\/v2\/categories?post=1150"},{"taxonomy":"post_tag","embeddable":true,"href":"https:\/\/laterreaboire.com\/Podcast-vin\/wp-json\/wp\/v2\/tags?post=1150"}],"curies":[{"name":"wp","href":"https:\/\/api.w.org\/{rel}","templated":true}]}}